{"id":12573,"date":"2021-01-29T22:32:06","date_gmt":"2021-01-30T01:32:06","guid":{"rendered":"http:\/\/www.revistarescatados.com.ar\/web\/?p=12573"},"modified":"2021-01-29T22:32:11","modified_gmt":"2021-01-30T01:32:11","slug":"se-confirman-21-casos-positivos-en-las-ultimas-48-horas-en-calchaqui","status":"publish","type":"post","link":"https:\/\/www.revistarescatados.com.ar\/web\/2021\/01\/29\/se-confirman-21-casos-positivos-en-las-ultimas-48-horas-en-calchaqui\/","title":{"rendered":"Se confirman 21 casos positivos en las \u00faltimas 48 horas en Calchaqu\u00ed"},"content":{"rendered":"\n<p><strong><span class=\"has-inline-color has-vivid-red-color\">A los 9 casos positivos del jueves, se sumaron 12 este viernes. Ello elev\u00f3 a 75 los pacientes con covid-19 activo en la ciudad, con 5 pacientes hospitalizados y 96 aislados.<\/span><\/strong><\/p>\n\n\n\n<p>Este \u00faltimo viernes del mes de enero, se realizaron 29 hisopados. De16 test r\u00e1pidosrealizados, hubo 10 negativos; mientras que de 13 PCR: se esperan resultados. Se recibieron 13 resultados de PCR: 7 negativos. <\/p>\n\n\n\n<p>Actualmente hay 3 pacientes internados en centros de mayor complejidad, 2 en el SAMCo y el resto en sus domicilios. <\/p>\n\n\n\n<p>El n\u00famero 107 del hospital est\u00e1 disponible para consultas. En caso de presentar s\u00edntomas, llamar a ese n\u00famero. <\/p>\n\n\n\n<figure class=\"wp-block-image size-large\"><img loading=\"lazy\" width=\"1024\" height=\"1024\" src=\"http:\/\/www.revistarescatados.com.ar\/web\/wp-content\/uploads\/2021\/01\/reporte-29-01-1024x1024.jpg\" alt=\"\" class=\"wp-image-12574\" srcset=\"https:\/\/www.revistarescatados.com.ar\/web\/wp-content\/uploads\/2021\/01\/reporte-29-01-1024x1024.jpg 1024w, https:\/\/www.revistarescatados.com.ar\/web\/wp-content\/uploads\/2021\/01\/reporte-29-01-300x300.jpg 300w, https:\/\/www.revistarescatados.com.ar\/web\/wp-content\/uploads\/2021\/01\/reporte-29-01-150x150.jpg 150w, https:\/\/www.revistarescatados.com.ar\/web\/wp-content\/uploads\/2021\/01\/reporte-29-01-768x768.jpg 768w, https:\/\/www.revistarescatados.com.ar\/web\/wp-content\/uploads\/2021\/01\/reporte-29-01-80x80.jpg 80w, https:\/\/www.revistarescatados.com.ar\/web\/wp-content\/uploads\/2021\/01\/reporte-29-01-320x320.jpg 320w, https:\/\/www.revistarescatados.com.ar\/web\/wp-content\/uploads\/2021\/01\/reporte-29-01.jpg 1080w\" sizes=\"(max-width: 1024px) 100vw, 1024px\" \/><\/figure>\n","protected":false},"excerpt":{"rendered":"<p>A los 9 casos positivos del jueves, se sumaron 12 este viernes. Ello elev\u00f3 a 75 los pacientes con covid-19 activo en la ciudad, con 5 pacientes hospitalizados y 96 aislados.<\/p>\n","protected":false},"author":1,"featured_media":12574,"comment_status":"closed","ping_status":"closed","sticky":false,"template":"","format":"standard","meta":[],"categories":[2,3,16,9],"tags":[],"_links":{"self":[{"href":"https:\/\/www.revistarescatados.com.ar\/web\/wp-json\/wp\/v2\/posts\/12573"}],"collection":[{"href":"https:\/\/www.revistarescatados.com.ar\/web\/wp-json\/wp\/v2\/posts"}],"about":[{"href":"https:\/\/www.revistarescatados.com.ar\/web\/wp-json\/wp\/v2\/types\/post"}],"author":[{"embeddable":true,"href":"https:\/\/www.revistarescatados.com.ar\/web\/wp-json\/wp\/v2\/users\/1"}],"replies":[{"embeddable":true,"href":"https:\/\/www.revistarescatados.com.ar\/web\/wp-json\/wp\/v2\/comments?post=12573"}],"version-history":[{"count":1,"href":"https:\/\/www.revistarescatados.com.ar\/web\/wp-json\/wp\/v2\/posts\/12573\/revisions"}],"predecessor-version":[{"id":12575,"href":"https:\/\/www.revistarescatados.com.ar\/web\/wp-json\/wp\/v2\/posts\/12573\/revisions\/12575"}],"wp:featuredmedia":[{"embeddable":true,"href":"https:\/\/www.revistarescatados.com.ar\/web\/wp-json\/wp\/v2\/media\/12574"}],"wp:attachment":[{"href":"https:\/\/www.revistarescatados.com.ar\/web\/wp-json\/wp\/v2\/media?parent=12573"}],"wp:term":[{"taxonomy":"category","embeddable":true,"href":"https:\/\/www.revistarescatados.com.ar\/web\/wp-json\/wp\/v2\/categories?post=12573"},{"taxonomy":"post_tag","embeddable":true,"href":"https:\/\/www.revistarescatados.com.ar\/web\/wp-json\/wp\/v2\/tags?post=12573"}],"curies":[{"name":"wp","href":"https:\/\/api.w.org\/{rel}","templated":true}]}}