{"id":12576,"date":"2021-01-29T22:36:43","date_gmt":"2021-01-30T01:36:43","guid":{"rendered":"http:\/\/www.revistarescatados.com.ar\/web\/?p=12576"},"modified":"2021-01-29T22:36:49","modified_gmt":"2021-01-30T01:36:49","slug":"el-lunes-1-de-febrero-se-transfieren-los-fondos-de-la-tarjeta-unica-de-ciudadania","status":"publish","type":"post","link":"https:\/\/www.revistarescatados.com.ar\/web\/2021\/01\/29\/el-lunes-1-de-febrero-se-transfieren-los-fondos-de-la-tarjeta-unica-de-ciudadania\/","title":{"rendered":"El lunes 1 de febrero se transfieren los fondos de la Tarjeta \u00danica de Ciudadan\u00eda"},"content":{"rendered":"\n<p><strong><span class=\"has-inline-color has-vivid-red-color\"> Corresponden al mes de enero y  estar\u00e1n disponibles en las 24 horas posteriores para ser consumidos por los beneficiarios por un importe de $1000; mientras que a los beneficiaros con celiaqu\u00eda se abonar\u00e1n $3000.<\/span><\/strong><\/p>\n\n\n\n<p>El Ministerio de Desarrollo Social, a trav\u00e9s de la Direcci\u00f3n de Programa Alimentario, informa que el lunes 1 de febrero se transfieren los fondos de la Tarjeta \u00danica de Ciudadan\u00eda correspondientes al mes de enero, en todas las localidades de la provincia de Santa Fe. Los cuales estar\u00e1n disponibles en las 24 horas posteriores para ser consumidos por los beneficiarios.<\/p>\n\n\n\n<p><br>Adem\u00e1s, se acreditar\u00e1 un refuerzo de $700 para los beneficiarios que convivan en su grupo familiar con ni\u00f1os\/as de hasta 12 a\u00f1os de edad, y\/o personas mayores a partir de los 65 a\u00f1os de edad; llegando a $1.000.<\/p>\n\n\n\n<p><strong>COMPONENTE CEL\u00cdACOS<\/strong><\/p>\n\n\n\n<p>El lunes 1 de febrero se transfieren los fondos de la Tarjeta \u00danica de Ciudadan\u00eda, Componente Cel\u00edacos, correspondientes al mes de enero, en todas las localidades de la provincia de Santa Fe.<\/p>\n\n\n\n<p>Todos los beneficiarios con celiaqu\u00eda, que no cuentan con cobertura de obra social, percibir\u00e1n una acreditaci\u00f3n de $3.000.<\/p>\n\n\n\n<p>Asimismo, recordamos los derechos y obligaciones a las y los beneficiarios de la tarjeta:<\/p>\n\n\n\n<p>&lt;&lt; Presentar DNI.<\/p>\n\n\n\n<p>&lt;&lt; No existe la obligaci\u00f3n de gastar todo el monto en una sola compra y un solo comercio.<\/p>\n\n\n\n<p>&lt;&lt; Nadie puede retener la tarjeta.<\/p>\n\n\n\n<p>&lt;&lt; Debe exigirse el comprobarte de la compra con el saldo de la tarjeta.<\/p>\n\n\n\n<p>&lt;&lt; Puede realizarse la compra en cualquier comercio adherido a la red.<\/p>\n\n\n\n<p>&lt;&lt; El comerciante no puede recargar el precio por el uso de la tarjeta.<\/p>\n\n\n\n<p>Ante cualquier irregularidad, debe realizarse la denuncia en la comuna o municipio correspondiente y, tambi\u00e9n, en el Ministerio de Desarrollo Social de Santa Fe, comunic\u00e1ndose al tel\u00e9fono (0342) 4579269 o a trav\u00e9s de www.santafe.gov.ar.<\/p>\n","protected":false},"excerpt":{"rendered":"<p>Corresponden al mes de enero y estar\u00e1n disponibles en las 24 horas posteriores para ser consumidos por los beneficiarios por un importe de $1000; mientras que a los beneficiaros con celiaqu\u00eda se&#46;&#46;&#46;<\/p>\n","protected":false},"author":1,"featured_media":898,"comment_status":"closed","ping_status":"closed","sticky":false,"template":"","format":"standard","meta":[],"categories":[16,10,12,8],"tags":[],"_links":{"self":[{"href":"https:\/\/www.revistarescatados.com.ar\/web\/wp-json\/wp\/v2\/posts\/12576"}],"collection":[{"href":"https:\/\/www.revistarescatados.com.ar\/web\/wp-json\/wp\/v2\/posts"}],"about":[{"href":"https:\/\/www.revistarescatados.com.ar\/web\/wp-json\/wp\/v2\/types\/post"}],"author":[{"embeddable":true,"href":"https:\/\/www.revistarescatados.com.ar\/web\/wp-json\/wp\/v2\/users\/1"}],"replies":[{"embeddable":true,"href":"https:\/\/www.revistarescatados.com.ar\/web\/wp-json\/wp\/v2\/comments?post=12576"}],"version-history":[{"count":1,"href":"https:\/\/www.revistarescatados.com.ar\/web\/wp-json\/wp\/v2\/posts\/12576\/revisions"}],"predecessor-version":[{"id":12577,"href":"https:\/\/www.revistarescatados.com.ar\/web\/wp-json\/wp\/v2\/posts\/12576\/revisions\/12577"}],"wp:featuredmedia":[{"embeddable":true,"href":"https:\/\/www.revistarescatados.com.ar\/web\/wp-json\/wp\/v2\/media\/898"}],"wp:attachment":[{"href":"https:\/\/www.revistarescatados.com.ar\/web\/wp-json\/wp\/v2\/media?parent=12576"}],"wp:term":[{"taxonomy":"category","embeddable":true,"href":"https:\/\/www.revistarescatados.com.ar\/web\/wp-json\/wp\/v2\/categories?post=12576"},{"taxonomy":"post_tag","embeddable":true,"href":"https:\/\/www.revistarescatados.com.ar\/web\/wp-json\/wp\/v2\/tags?post=12576"}],"curies":[{"name":"wp","href":"https:\/\/api.w.org\/{rel}","templated":true}]}}