{"id":12581,"date":"2021-01-29T22:55:25","date_gmt":"2021-01-30T01:55:25","guid":{"rendered":"http:\/\/www.revistarescatados.com.ar\/web\/?p=12581"},"modified":"2021-01-29T22:55:30","modified_gmt":"2021-01-30T01:55:30","slug":"promueven-la-produccion-sustentable-de-pequenos-y-medianos-productores-en-calchaqui","status":"publish","type":"post","link":"https:\/\/www.revistarescatados.com.ar\/web\/2021\/01\/29\/promueven-la-produccion-sustentable-de-pequenos-y-medianos-productores-en-calchaqui\/","title":{"rendered":"Promueven la producci\u00f3n sustentable de peque\u00f1os y medianos productores en Calchaqu\u00ed"},"content":{"rendered":"\n<figure class=\"wp-block-image size-large\"><img loading=\"lazy\" width=\"1024\" height=\"682\" src=\"http:\/\/www.revistarescatados.com.ar\/web\/wp-content\/uploads\/2021\/01\/produccion-sustentable-1024x682.jpg\" alt=\"\" class=\"wp-image-12582\" srcset=\"https:\/\/www.revistarescatados.com.ar\/web\/wp-content\/uploads\/2021\/01\/produccion-sustentable-1024x682.jpg 1024w, https:\/\/www.revistarescatados.com.ar\/web\/wp-content\/uploads\/2021\/01\/produccion-sustentable-300x200.jpg 300w, https:\/\/www.revistarescatados.com.ar\/web\/wp-content\/uploads\/2021\/01\/produccion-sustentable-768x512.jpg 768w, https:\/\/www.revistarescatados.com.ar\/web\/wp-content\/uploads\/2021\/01\/produccion-sustentable.jpg 1457w\" sizes=\"(max-width: 1024px) 100vw, 1024px\" \/><\/figure>\n\n\n\n<p><strong><span class=\"has-inline-color has-vivid-red-color\">El intendente Rub\u00e9n Cuello y la secretaria de la producci\u00f3n Joana Muss\u00edn se reunieron con funcionarios provinciales para planear la implementaci\u00f3n de programas que mejoren las condiciones de trabajo y la producci\u00f3n de alimentos saludables.<\/span><\/strong><\/p>\n\n\n\n<p><br>Marcelo Machado, director de Desarrollo Rural, y Joaquin Musacchio, asesor de la Secretar\u00eda de Desarrollo Territorial y Arraigo, participaron de una mesa de trabajo con el Intendente, Rub\u00e9n Cuello, y la Secretaria de Producci\u00f3n, Joana Mussin.<\/p>\n\n\n\n<p><br>En la reuni\u00f3n se evalu\u00f3 la situaci\u00f3n de los sectores productivos locales y se comenz\u00f3 a dise\u00f1ar la implementaci\u00f3n de programas como PISEAR (Programa de Inclusi\u00f3n Socioecon\u00f3mica en \u00c1reas Rurales) y PSL (Producci\u00f3n Sustentable Local).<\/p>\n\n\n\n<p><br>Estos programas tienen como objetivos mejorar las condiciones de trabajo de los peque\u00f1os y medianos productores, y fomentar la transici\u00f3n agroecol\u00f3gica hacia la producci\u00f3n de alimentos saludables.<\/p>\n","protected":false},"excerpt":{"rendered":"<p>El intendente Rub\u00e9n Cuello y la secretaria de la producci\u00f3n Joana Muss\u00edn se reunieron con funcionarios provinciales para planear la implementaci\u00f3n de programas que mejoren las condiciones de trabajo y la producci\u00f3n&#46;&#46;&#46;<\/p>\n","protected":false},"author":1,"featured_media":12582,"comment_status":"closed","ping_status":"closed","sticky":false,"template":"","format":"standard","meta":[],"categories":[2,3,16,8],"tags":[],"_links":{"self":[{"href":"https:\/\/www.revistarescatados.com.ar\/web\/wp-json\/wp\/v2\/posts\/12581"}],"collection":[{"href":"https:\/\/www.revistarescatados.com.ar\/web\/wp-json\/wp\/v2\/posts"}],"about":[{"href":"https:\/\/www.revistarescatados.com.ar\/web\/wp-json\/wp\/v2\/types\/post"}],"author":[{"embeddable":true,"href":"https:\/\/www.revistarescatados.com.ar\/web\/wp-json\/wp\/v2\/users\/1"}],"replies":[{"embeddable":true,"href":"https:\/\/www.revistarescatados.com.ar\/web\/wp-json\/wp\/v2\/comments?post=12581"}],"version-history":[{"count":1,"href":"https:\/\/www.revistarescatados.com.ar\/web\/wp-json\/wp\/v2\/posts\/12581\/revisions"}],"predecessor-version":[{"id":12583,"href":"https:\/\/www.revistarescatados.com.ar\/web\/wp-json\/wp\/v2\/posts\/12581\/revisions\/12583"}],"wp:featuredmedia":[{"embeddable":true,"href":"https:\/\/www.revistarescatados.com.ar\/web\/wp-json\/wp\/v2\/media\/12582"}],"wp:attachment":[{"href":"https:\/\/www.revistarescatados.com.ar\/web\/wp-json\/wp\/v2\/media?parent=12581"}],"wp:term":[{"taxonomy":"category","embeddable":true,"href":"https:\/\/www.revistarescatados.com.ar\/web\/wp-json\/wp\/v2\/categories?post=12581"},{"taxonomy":"post_tag","embeddable":true,"href":"https:\/\/www.revistarescatados.com.ar\/web\/wp-json\/wp\/v2\/tags?post=12581"}],"curies":[{"name":"wp","href":"https:\/\/api.w.org\/{rel}","templated":true}]}}