{"id":1259,"date":"2018-07-21T00:42:50","date_gmt":"2018-07-21T03:42:50","guid":{"rendered":"http:\/\/www.revistarescatados.com.ar\/web\/?p=1259"},"modified":"2018-07-21T00:42:50","modified_gmt":"2018-07-21T03:42:50","slug":"se-presento-el-programa-prosumidores-en-calchaqui","status":"publish","type":"post","link":"https:\/\/www.revistarescatados.com.ar\/web\/2018\/07\/21\/se-presento-el-programa-prosumidores-en-calchaqui\/","title":{"rendered":"Se present\u00f3 el programa Prosumidores en Calchaqu\u00ed"},"content":{"rendered":"<p><img loading=\"lazy\" class=\"aligncenter size-full wp-image-1261\" src=\"http:\/\/www.revistarescatados.com.ar\/web\/wp-content\/uploads\/2018\/07\/Prosumidores-en-Calchaqui.jpg\" alt=\"\" width=\"960\" height=\"640\" srcset=\"https:\/\/www.revistarescatados.com.ar\/web\/wp-content\/uploads\/2018\/07\/Prosumidores-en-Calchaqui.jpg 960w, https:\/\/www.revistarescatados.com.ar\/web\/wp-content\/uploads\/2018\/07\/Prosumidores-en-Calchaqui-300x200.jpg 300w, https:\/\/www.revistarescatados.com.ar\/web\/wp-content\/uploads\/2018\/07\/Prosumidores-en-Calchaqui-768x512.jpg 768w\" sizes=\"(max-width: 960px) 100vw, 960px\" \/><\/p>\n<p><span style=\"color: #0000ff;\"><b style=\"color: #0000ff;\">La secretaria de Estado de la Energ\u00eda, Ver\u00f3nica Geese presidi\u00f3 una <\/b><span style=\"color: #0000ff;\"><b>reuni\u00f3n<\/b><\/span><b style=\"color: #0000ff;\">\u00a0informativa del programa Prosumidores en el Centro de Jubilados y Pensionados de Calchaqu\u00ed. Prosumidores facilitar\u00e1 el repago de los equipos de renovables a trav\u00e9s de un incentivo monetario a la producci\u00f3n de energ\u00eda.<\/b><\/span><\/p>\n<p>Geese explic\u00f3 que \u201ceste es un programa que se inici\u00f3 con la colaboraci\u00f3n de muchos sectores\u201d y destac\u00f3 que \u201cla Empresa Provincial de la Energ\u00eda (EPE) es un factor sin el cual no hubi\u00e9ramos podido avanzar porque las empresas privadas tienen otra mirada sobre las energ\u00edas renovables y, generalmente, no se condicen con este tipo de iniciativas\u201d. La funcionaria agreg\u00f3 que desde la empresa se trabaj\u00f3 para \u201cmejorar el sistema contable y t\u00e9cnico para habilitar esta tecnolog\u00eda lo antes posible\u201d.<\/p>\n<p>\u201cNuestra provincia es pionera en este programa -que comenz\u00f3 hace dos a\u00f1os a implementarse- y ahora apostamos a poner en funcionamiento un parque fotovoltaico de cinco mesas, diseminado por todo nuestro territorio\u201d, sostuvo Geese al tiempo que consider\u00f3 que \u201cnos encantan los grandes parques fotovoltaicos del norte del pa\u00eds y los grandes parques e\u00f3licos del sur, pero en Santa Fe tenemos otro modelo. Santa Fe tiene muchas posibilidades para que todos nos relacionemos con las energ\u00edas renovables en nuestra vida diaria, generando y consumiendo energ\u00eda desde nuestros hogares, comercios, campo e industrias\u201d.<\/p>\n<p>Adem\u00e1s, la funcionaria destac\u00f3 que con esta iniciativa \u201cnuestra provincia es la que m\u00e1s empleos verdes tiene en el pa\u00eds porque estamos realizando talleres en distintas localidades para contar con personas capacitadas para realizar estas instalaciones y agregamos valor a esta cadena de las renovables. Tenemos toda la posibilidad de seguir apostando a este iniciativa pero no es algo que un Estado puede hacer solo, sino que lo podemos hacer todos participando del programa\u201d.<\/p>\n<p>Uno de los objetivos de Prosumidores es incentivar la producci\u00f3n de energ\u00eda el\u00e9ctrica distribuida a partir de fuentes renovables y conectada a la red de baja tensi\u00f3n de la EPE y de las cooperativas el\u00e9ctricas asociadas.<\/p>\n<p>Prosumidores facilitar\u00e1 el repago de los equipos de renovables a trav\u00e9s de un incentivo monetario a la producci\u00f3n de energ\u00eda, lo que permitir\u00e1 que los usuarios puedan recuperar el valor de los equipos en un per\u00edodo de tiempo que no superar\u00e1 en ning\u00fan caso los seis a\u00f1os, y en muchos casos podr\u00e1 hacerse en menos de cinco.<\/p>\n<p><img loading=\"lazy\" class=\"aligncenter size-full wp-image-1260\" src=\"http:\/\/www.revistarescatados.com.ar\/web\/wp-content\/uploads\/2018\/07\/Prosumidores-en-Calchaqui-1.jpg\" alt=\"\" width=\"960\" height=\"640\" srcset=\"https:\/\/www.revistarescatados.com.ar\/web\/wp-content\/uploads\/2018\/07\/Prosumidores-en-Calchaqui-1.jpg 960w, https:\/\/www.revistarescatados.com.ar\/web\/wp-content\/uploads\/2018\/07\/Prosumidores-en-Calchaqui-1-300x200.jpg 300w, https:\/\/www.revistarescatados.com.ar\/web\/wp-content\/uploads\/2018\/07\/Prosumidores-en-Calchaqui-1-768x512.jpg 768w\" sizes=\"(max-width: 960px) 100vw, 960px\" \/><\/p>\n<p>Por su parte, Bisso detall\u00f3 que en este primer a\u00f1o \u201cla inversi\u00f3n del gobierno es de 25 millones de pesos\u201d y explic\u00f3 que \u201cla nueva versi\u00f3n de Prosumidores contempla nuevas potencias que permiten integrar a comercios, clubes barriales, consorcios, a la industria y al campo, y naturalmente a los hogares. Esta alternativa que propone la producci\u00f3n de energ\u00eda el\u00e9ctrica a partir de fuentes renovables all\u00ed donde se la consume, es la \u00fanica experiencia en el pa\u00eds acompa\u00f1ada de una importante inversi\u00f3n p\u00fablica, y una de las m\u00e1s s\u00f3lidas de Latinoam\u00e9rica\u201d.<\/p>\n<p>\u201cLa potencia de las instalaciones permitidas est\u00e1n relacionadas al consumo de cada tipo de usuario y su cuadro tarifario. De esta forma queda garantizada la posibilidad de producir energ\u00eda y la de ser eficiente energ\u00e9ticamente\u201d, asegur\u00f3 Bisso.<\/p>\n<p>La adhesi\u00f3n al programa comienza el lunes 23 de julio y para m\u00e1s informaci\u00f3n se puede ingresar a www.santafe.gov.ar\/prosumidores o enviar un mail a prosumidores@santafe.gov.ar<\/p>\n<p><span style=\"color: #0000ff;\"><strong>PRESENTACIONES<\/strong><\/span><\/p>\n<p>Las actividades realizadas en Calchaqu\u00ed y Reconquista contaron con la presencia de los intendentes Oscar Cuello y Amadeo Enrique Vallejos, respectivamente; el senador por el departamento General Obligado, Orfilio Marc\u00f3n; el senador por el departamento Vera, Osvaldo Sosa; el coordinador del Nodo Reconquista, Ra\u00fal Medina; el coordinador del Plan del Norte, Sergio Rojas,\u00a0 y el gerente de la Sucursal de la EPE Reconquista, Diego Alonso.<\/p>\n","protected":false},"excerpt":{"rendered":"<p>La secretaria de Estado de la Energ\u00eda, Ver\u00f3nica Geese presidi\u00f3 una reuni\u00f3n\u00a0informativa del programa Prosumidores en el Centro de Jubilados y Pensionados de Calchaqu\u00ed. Prosumidores facilitar\u00e1 el repago de los equipos de&#46;&#46;&#46;<\/p>\n","protected":false},"author":1,"featured_media":1261,"comment_status":"closed","ping_status":"open","sticky":false,"template":"","format":"standard","meta":[],"categories":[2,3,16,10],"tags":[],"_links":{"self":[{"href":"https:\/\/www.revistarescatados.com.ar\/web\/wp-json\/wp\/v2\/posts\/1259"}],"collection":[{"href":"https:\/\/www.revistarescatados.com.ar\/web\/wp-json\/wp\/v2\/posts"}],"about":[{"href":"https:\/\/www.revistarescatados.com.ar\/web\/wp-json\/wp\/v2\/types\/post"}],"author":[{"embeddable":true,"href":"https:\/\/www.revistarescatados.com.ar\/web\/wp-json\/wp\/v2\/users\/1"}],"replies":[{"embeddable":true,"href":"https:\/\/www.revistarescatados.com.ar\/web\/wp-json\/wp\/v2\/comments?post=1259"}],"version-history":[{"count":1,"href":"https:\/\/www.revistarescatados.com.ar\/web\/wp-json\/wp\/v2\/posts\/1259\/revisions"}],"predecessor-version":[{"id":1262,"href":"https:\/\/www.revistarescatados.com.ar\/web\/wp-json\/wp\/v2\/posts\/1259\/revisions\/1262"}],"wp:featuredmedia":[{"embeddable":true,"href":"https:\/\/www.revistarescatados.com.ar\/web\/wp-json\/wp\/v2\/media\/1261"}],"wp:attachment":[{"href":"https:\/\/www.revistarescatados.com.ar\/web\/wp-json\/wp\/v2\/media?parent=1259"}],"wp:term":[{"taxonomy":"category","embeddable":true,"href":"https:\/\/www.revistarescatados.com.ar\/web\/wp-json\/wp\/v2\/categories?post=1259"},{"taxonomy":"post_tag","embeddable":true,"href":"https:\/\/www.revistarescatados.com.ar\/web\/wp-json\/wp\/v2\/tags?post=1259"}],"curies":[{"name":"wp","href":"https:\/\/api.w.org\/{rel}","templated":true}]}}