{"id":12602,"date":"2021-02-01T15:10:38","date_gmt":"2021-02-01T18:10:38","guid":{"rendered":"http:\/\/www.revistarescatados.com.ar\/web\/?p=12602"},"modified":"2021-02-01T15:10:42","modified_gmt":"2021-02-01T18:10:42","slug":"solo-dos-casos-positivos-se-informaron-durante-el-fin-de-semana-en-calchaqui","status":"publish","type":"post","link":"https:\/\/www.revistarescatados.com.ar\/web\/2021\/02\/01\/solo-dos-casos-positivos-se-informaron-durante-el-fin-de-semana-en-calchaqui\/","title":{"rendered":"Solo dos casos positivos se informaron durante el fin de semana en Calchaqu\u00ed"},"content":{"rendered":"\n<p><strong><span class=\"has-inline-color has-vivid-red-color\">Los informes epidemiol\u00f3gicos de los dos \u00faltimos d\u00edas de enero, solo reportaron 1 nuevo contagio por d\u00eda. Sin embargo, se informaron que hay 8 pacientes hospitalizados por el virus.<\/span><\/strong><\/p>\n\n\n\n<p>El domingo, no se recibieron nuevos resultados. Solo se confirm\u00f3 1 positivo por test r\u00e1pido. Hay 5 pacientes internados centros de mayor complejidad, 2 en el SAMCo,1 en la Cl\u00ednica y el resto en sus domicilios.<\/p>\n\n\n\n<p>En DEPARTAMENTO VERA el d\u00eda Domingo 31 de enero, hubo 3 CONTAGIADOS por CORONAVIRUS:<\/p>\n\n\n\n<p>CALCHAQUI \u2026\u2026\u2026\u2026. 1<\/p>\n\n\n\n<p>GARABATO \u2026\u2026\u2026\u2026.. 1<\/p>\n\n\n\n<p>VERA \u2026\u2026\u2026\u2026\u2026\u2026\u2026\u2026 1<\/p>\n\n\n\n<figure class=\"wp-block-image size-large\"><img loading=\"lazy\" width=\"1024\" height=\"1024\" src=\"http:\/\/www.revistarescatados.com.ar\/web\/wp-content\/uploads\/2021\/02\/reporte-31-01-1024x1024.jpg\" alt=\"\" class=\"wp-image-12603\" srcset=\"https:\/\/www.revistarescatados.com.ar\/web\/wp-content\/uploads\/2021\/02\/reporte-31-01-1024x1024.jpg 1024w, https:\/\/www.revistarescatados.com.ar\/web\/wp-content\/uploads\/2021\/02\/reporte-31-01-300x300.jpg 300w, https:\/\/www.revistarescatados.com.ar\/web\/wp-content\/uploads\/2021\/02\/reporte-31-01-150x150.jpg 150w, https:\/\/www.revistarescatados.com.ar\/web\/wp-content\/uploads\/2021\/02\/reporte-31-01-768x768.jpg 768w, https:\/\/www.revistarescatados.com.ar\/web\/wp-content\/uploads\/2021\/02\/reporte-31-01-80x80.jpg 80w, https:\/\/www.revistarescatados.com.ar\/web\/wp-content\/uploads\/2021\/02\/reporte-31-01-320x320.jpg 320w, https:\/\/www.revistarescatados.com.ar\/web\/wp-content\/uploads\/2021\/02\/reporte-31-01.jpg 1080w\" sizes=\"(max-width: 1024px) 100vw, 1024px\" \/><\/figure>\n","protected":false},"excerpt":{"rendered":"<p>Los informes epidemiol\u00f3gicos de los dos \u00faltimos d\u00edas de enero, solo reportaron 1 nuevo contagio por d\u00eda. Sin embargo, se informaron que hay 8 pacientes hospitalizados por el virus. El domingo, no&#46;&#46;&#46;<\/p>\n","protected":false},"author":1,"featured_media":12365,"comment_status":"closed","ping_status":"closed","sticky":false,"template":"","format":"standard","meta":[],"categories":[2,3,16,9],"tags":[],"_links":{"self":[{"href":"https:\/\/www.revistarescatados.com.ar\/web\/wp-json\/wp\/v2\/posts\/12602"}],"collection":[{"href":"https:\/\/www.revistarescatados.com.ar\/web\/wp-json\/wp\/v2\/posts"}],"about":[{"href":"https:\/\/www.revistarescatados.com.ar\/web\/wp-json\/wp\/v2\/types\/post"}],"author":[{"embeddable":true,"href":"https:\/\/www.revistarescatados.com.ar\/web\/wp-json\/wp\/v2\/users\/1"}],"replies":[{"embeddable":true,"href":"https:\/\/www.revistarescatados.com.ar\/web\/wp-json\/wp\/v2\/comments?post=12602"}],"version-history":[{"count":1,"href":"https:\/\/www.revistarescatados.com.ar\/web\/wp-json\/wp\/v2\/posts\/12602\/revisions"}],"predecessor-version":[{"id":12604,"href":"https:\/\/www.revistarescatados.com.ar\/web\/wp-json\/wp\/v2\/posts\/12602\/revisions\/12604"}],"wp:featuredmedia":[{"embeddable":true,"href":"https:\/\/www.revistarescatados.com.ar\/web\/wp-json\/wp\/v2\/media\/12365"}],"wp:attachment":[{"href":"https:\/\/www.revistarescatados.com.ar\/web\/wp-json\/wp\/v2\/media?parent=12602"}],"wp:term":[{"taxonomy":"category","embeddable":true,"href":"https:\/\/www.revistarescatados.com.ar\/web\/wp-json\/wp\/v2\/categories?post=12602"},{"taxonomy":"post_tag","embeddable":true,"href":"https:\/\/www.revistarescatados.com.ar\/web\/wp-json\/wp\/v2\/tags?post=12602"}],"curies":[{"name":"wp","href":"https:\/\/api.w.org\/{rel}","templated":true}]}}