{"id":12611,"date":"2021-02-01T22:52:06","date_gmt":"2021-02-02T01:52:06","guid":{"rendered":"http:\/\/www.revistarescatados.com.ar\/web\/?p=12611"},"modified":"2021-02-01T22:52:12","modified_gmt":"2021-02-02T01:52:12","slug":"la-provincia-adhiere-a-la-extension-del-distanciamiento-social-durante-todo-febrero","status":"publish","type":"post","link":"https:\/\/www.revistarescatados.com.ar\/web\/2021\/02\/01\/la-provincia-adhiere-a-la-extension-del-distanciamiento-social-durante-todo-febrero\/","title":{"rendered":"La provincia adhiere a la extensi\u00f3n del distanciamiento social durante todo febrero"},"content":{"rendered":"\n<figure class=\"wp-block-image size-large\"><img loading=\"lazy\" width=\"667\" height=\"553\" src=\"http:\/\/www.revistarescatados.com.ar\/web\/wp-content\/uploads\/2020\/05\/caminar-con-barbiho-1.jpg\" alt=\"\" class=\"wp-image-9078\" srcset=\"https:\/\/www.revistarescatados.com.ar\/web\/wp-content\/uploads\/2020\/05\/caminar-con-barbiho-1.jpg 667w, https:\/\/www.revistarescatados.com.ar\/web\/wp-content\/uploads\/2020\/05\/caminar-con-barbiho-1-300x249.jpg 300w\" sizes=\"(max-width: 667px) 100vw, 667px\" \/><\/figure>\n\n\n\n<p><strong><span class=\"has-inline-color has-vivid-red-color\">El Decreto, que lleva la firma del gobernador Omar Perotti, acompa\u00f1a la decisi\u00f3n del presidente Alberto Fern\u00e1ndez de extender el Dispo en todo el pa\u00eds hasta el 28 del mes inclusive.<\/span><\/strong><\/p>\n\n\n\n<p>El Gobierno de Santa Fe, a trav\u00e9s del Decreto N\u00b0 0051\/2021 que lleva la firma del gobernador Omar Perotti y la ministra de Salud, Sonia Martorano, adhiere a la extensi\u00f3n del Distanciamiento Social Preventivo y Obligatorio (Dispo) hasta el pr\u00f3ximo 28 de febrero inclusive, dispuesto por el presidente de la Naci\u00f3n Alberto Fern\u00e1ndez para todo el pa\u00eds.<br>La normativa provincial establece que hasta la mencionada fecha se prorrogan \u201clas habilitaciones, permisos, licencias o autorizaciones que otorga la Provincia o cualquiera de sus reparticiones dependientes del Poder Ejecutivo, cuyo vencimiento opere con anterioridad a esa fecha, y cuya renovaci\u00f3n deba tramitarse indefectiblemente de manera presencial en las reparticiones p\u00fablicas correspondientes\u201d.<\/p>\n\n\n\n<p>El viernes, el presidente de la Naci\u00f3n, a trav\u00e9s del Decreto N\u00b0 67\/21 del Poder Ejecutivo Nacional, determin\u00f3 la extensi\u00f3n hasta el \u00faltimo d\u00eda de febrero de las medidas de distanciamiento social que reg\u00edan hasta el domingo el 31 de enero.<\/p>\n","protected":false},"excerpt":{"rendered":"<p>El Decreto, que lleva la firma del gobernador Omar Perotti, acompa\u00f1a la decisi\u00f3n del presidente Alberto Fern\u00e1ndez de extender el Dispo en todo el pa\u00eds hasta el 28 del mes inclusive. El&#46;&#46;&#46;<\/p>\n","protected":false},"author":1,"featured_media":9078,"comment_status":"closed","ping_status":"closed","sticky":false,"template":"","format":"standard","meta":[],"categories":[16,12,8],"tags":[],"_links":{"self":[{"href":"https:\/\/www.revistarescatados.com.ar\/web\/wp-json\/wp\/v2\/posts\/12611"}],"collection":[{"href":"https:\/\/www.revistarescatados.com.ar\/web\/wp-json\/wp\/v2\/posts"}],"about":[{"href":"https:\/\/www.revistarescatados.com.ar\/web\/wp-json\/wp\/v2\/types\/post"}],"author":[{"embeddable":true,"href":"https:\/\/www.revistarescatados.com.ar\/web\/wp-json\/wp\/v2\/users\/1"}],"replies":[{"embeddable":true,"href":"https:\/\/www.revistarescatados.com.ar\/web\/wp-json\/wp\/v2\/comments?post=12611"}],"version-history":[{"count":1,"href":"https:\/\/www.revistarescatados.com.ar\/web\/wp-json\/wp\/v2\/posts\/12611\/revisions"}],"predecessor-version":[{"id":12612,"href":"https:\/\/www.revistarescatados.com.ar\/web\/wp-json\/wp\/v2\/posts\/12611\/revisions\/12612"}],"wp:featuredmedia":[{"embeddable":true,"href":"https:\/\/www.revistarescatados.com.ar\/web\/wp-json\/wp\/v2\/media\/9078"}],"wp:attachment":[{"href":"https:\/\/www.revistarescatados.com.ar\/web\/wp-json\/wp\/v2\/media?parent=12611"}],"wp:term":[{"taxonomy":"category","embeddable":true,"href":"https:\/\/www.revistarescatados.com.ar\/web\/wp-json\/wp\/v2\/categories?post=12611"},{"taxonomy":"post_tag","embeddable":true,"href":"https:\/\/www.revistarescatados.com.ar\/web\/wp-json\/wp\/v2\/tags?post=12611"}],"curies":[{"name":"wp","href":"https:\/\/api.w.org\/{rel}","templated":true}]}}