{"id":12617,"date":"2021-02-01T23:31:22","date_gmt":"2021-02-02T02:31:22","guid":{"rendered":"http:\/\/www.revistarescatados.com.ar\/web\/?p=12617"},"modified":"2021-02-01T23:31:28","modified_gmt":"2021-02-02T02:31:28","slug":"secuestraron-motos-durante-el-fin-de-semana-en-calchaqui","status":"publish","type":"post","link":"https:\/\/www.revistarescatados.com.ar\/web\/2021\/02\/01\/secuestraron-motos-durante-el-fin-de-semana-en-calchaqui\/","title":{"rendered":"Secuestraron motos durante el fin de semana en Calchaqu\u00ed"},"content":{"rendered":"\n<figure class=\"wp-block-image size-large\"><img loading=\"lazy\" width=\"1024\" height=\"576\" src=\"http:\/\/www.revistarescatados.com.ar\/web\/wp-content\/uploads\/2021\/02\/motos-secuestradas-1024x576.jpg\" alt=\"\" class=\"wp-image-12618\" srcset=\"https:\/\/www.revistarescatados.com.ar\/web\/wp-content\/uploads\/2021\/02\/motos-secuestradas-1024x576.jpg 1024w, https:\/\/www.revistarescatados.com.ar\/web\/wp-content\/uploads\/2021\/02\/motos-secuestradas-300x169.jpg 300w, https:\/\/www.revistarescatados.com.ar\/web\/wp-content\/uploads\/2021\/02\/motos-secuestradas-768x432.jpg 768w, https:\/\/www.revistarescatados.com.ar\/web\/wp-content\/uploads\/2021\/02\/motos-secuestradas.jpg 1280w\" sizes=\"(max-width: 1024px) 100vw, 1024px\" \/><\/figure>\n\n\n\n<p><strong><span class=\"has-inline-color has-vivid-red-color\">Una motocicleta fue secuestrada a dos hombres j\u00f3venes de Colonia Dur\u00e1n; mientras que otra fue incautada a dos j\u00f3venes veintea\u00f1eros oriundos de Calchaqu\u00ed. Los procedimientos fueron por infracci\u00f3n a los art\u00edculos 205 y 239 del c\u00f3digo penal.<\/span><\/strong> <strong><span class=\"has-inline-color has-vivid-red-color\">En el departamento Vera, desde el inicio de la pandemia, se secuestraron casi 400 veh\u00edculos.<\/span><\/strong><\/p>\n\n\n\n<p><br>En el \u00faltimo fin de semana de enero, personal policial de la Comisaria 2\u00b0 de Calchaqu\u00ed, llevo adelante el secuestro de un moto veh\u00edculo marca MOTOMEL BLITZ de color GRIS. A bordo se conduc\u00edan dos hombres de 26 y 31 a\u00f1os, con domicilio en la localidad de Colonia Dur\u00e1n (Departamento San Javier). La moto fue remitida al corral\u00f3n municipal, con intervenci\u00f3n de la Unidad Fiscal N\u00b0 4 de la ciudad de Vera.<\/p>\n\n\n\n<p><br>Por otro lado, los uniformados registraron la infracci\u00f3n a dos j\u00f3venes de 20 a\u00f1os, con domicilio en la ciudad de Calchaqu\u00ed. Circulaban a bordo de una moto marca JIANSHE 125 cc. SIN DOMINIO VISIBLE, de color negra, que tambi\u00e9n fue secuestrada.<\/p>\n\n\n\n<p><strong><span class=\"has-inline-color has-vivid-red-color\">Estad\u00edsticas en el departamento Vera<\/span><\/strong><\/p>\n\n\n\n<p><br>Personal policial de las distintas Comisar\u00edas, Sub Comisarias y destacamentos del<br>departamento Vera, contin\u00faan realizando operativos por &#8220;INFRACCION ART. 205 Y 239 CPA&#8221; AISLAMIENTO SOCIAL PREVENTIVO Y OBLIGATORIO DECRETO 297\/2020.<\/p>\n\n\n\n<p> Desde el inicio del Aislamiento Social Preventivo y Obligatorio 19\/03\/2020 hasta el 31 de enero se efectuaron 1158 procedimientos; trasladando 1923 personas mayores y menores como as\u00ed al secuestro de 397 ( motos, autos, bicicletas etc) .-<\/p>\n","protected":false},"excerpt":{"rendered":"<p>Una motocicleta fue secuestrada a dos hombres j\u00f3venes de Colonia Dur\u00e1n; mientras que otra fue incautada a dos j\u00f3venes veintea\u00f1eros oriundos de Calchaqu\u00ed. Los procedimientos fueron por infracci\u00f3n a los art\u00edculos 205&#46;&#46;&#46;<\/p>\n","protected":false},"author":1,"featured_media":12618,"comment_status":"closed","ping_status":"closed","sticky":false,"template":"","format":"standard","meta":[],"categories":[2,3,16,11],"tags":[],"_links":{"self":[{"href":"https:\/\/www.revistarescatados.com.ar\/web\/wp-json\/wp\/v2\/posts\/12617"}],"collection":[{"href":"https:\/\/www.revistarescatados.com.ar\/web\/wp-json\/wp\/v2\/posts"}],"about":[{"href":"https:\/\/www.revistarescatados.com.ar\/web\/wp-json\/wp\/v2\/types\/post"}],"author":[{"embeddable":true,"href":"https:\/\/www.revistarescatados.com.ar\/web\/wp-json\/wp\/v2\/users\/1"}],"replies":[{"embeddable":true,"href":"https:\/\/www.revistarescatados.com.ar\/web\/wp-json\/wp\/v2\/comments?post=12617"}],"version-history":[{"count":1,"href":"https:\/\/www.revistarescatados.com.ar\/web\/wp-json\/wp\/v2\/posts\/12617\/revisions"}],"predecessor-version":[{"id":12619,"href":"https:\/\/www.revistarescatados.com.ar\/web\/wp-json\/wp\/v2\/posts\/12617\/revisions\/12619"}],"wp:featuredmedia":[{"embeddable":true,"href":"https:\/\/www.revistarescatados.com.ar\/web\/wp-json\/wp\/v2\/media\/12618"}],"wp:attachment":[{"href":"https:\/\/www.revistarescatados.com.ar\/web\/wp-json\/wp\/v2\/media?parent=12617"}],"wp:term":[{"taxonomy":"category","embeddable":true,"href":"https:\/\/www.revistarescatados.com.ar\/web\/wp-json\/wp\/v2\/categories?post=12617"},{"taxonomy":"post_tag","embeddable":true,"href":"https:\/\/www.revistarescatados.com.ar\/web\/wp-json\/wp\/v2\/tags?post=12617"}],"curies":[{"name":"wp","href":"https:\/\/api.w.org\/{rel}","templated":true}]}}