{"id":1263,"date":"2018-07-21T00:44:57","date_gmt":"2018-07-21T03:44:57","guid":{"rendered":"http:\/\/www.revistarescatados.com.ar\/web\/?p=1263"},"modified":"2018-07-21T00:44:57","modified_gmt":"2018-07-21T03:44:57","slug":"pagan-pensiones-sociales-en-santa-fe","status":"publish","type":"post","link":"https:\/\/www.revistarescatados.com.ar\/web\/2018\/07\/21\/pagan-pensiones-sociales-en-santa-fe\/","title":{"rendered":"Pagan pensiones sociales en Santa Fe"},"content":{"rendered":"<p><img loading=\"lazy\" class=\"aligncenter size-full wp-image-172\" src=\"http:\/\/www.revistarescatados.com.ar\/web\/wp-content\/uploads\/2018\/04\/cajero-1.jpg\" alt=\"\" width=\"862\" height=\"486\" srcset=\"https:\/\/www.revistarescatados.com.ar\/web\/wp-content\/uploads\/2018\/04\/cajero-1.jpg 862w, https:\/\/www.revistarescatados.com.ar\/web\/wp-content\/uploads\/2018\/04\/cajero-1-300x169.jpg 300w, https:\/\/www.revistarescatados.com.ar\/web\/wp-content\/uploads\/2018\/04\/cajero-1-768x433.jpg 768w\" sizes=\"(max-width: 862px) 100vw, 862px\" \/><br \/>\n<strong><span style=\"color: #0000ff;\">La provincia abonar\u00e1 el lunes 30, el importe correspondiente al mes de julio de las<\/span> <span style=\"color: #0000ff;\">pensiones sociales Ley 5110, excombatientes de Malvinas, expresos pol\u00edticos y madres.<\/span><\/strong><\/p>\n<p>El Ministerio de Trabajo y Seguridad Social de la provincia inform\u00f3 que el lunes 30 de julio se abonar\u00e1n las pensiones sociales Ley 5110, expresos por razones pol\u00edticas (Ley N\u00ba 13.298), madres de v\u00edctimas del terrorismo de Estado (Ley N\u00ba 13.330) y excombatientes de Malvinas, correspondientes al mes de julio de 2018.<\/p>\n","protected":false},"excerpt":{"rendered":"<p>La provincia abonar\u00e1 el lunes 30, el importe correspondiente al mes de julio de las pensiones sociales Ley 5110, excombatientes de Malvinas, expresos pol\u00edticos y madres. El Ministerio de Trabajo y Seguridad&#46;&#46;&#46;<\/p>\n","protected":false},"author":1,"featured_media":172,"comment_status":"closed","ping_status":"open","sticky":false,"template":"","format":"standard","meta":[],"categories":[12,8],"tags":[],"_links":{"self":[{"href":"https:\/\/www.revistarescatados.com.ar\/web\/wp-json\/wp\/v2\/posts\/1263"}],"collection":[{"href":"https:\/\/www.revistarescatados.com.ar\/web\/wp-json\/wp\/v2\/posts"}],"about":[{"href":"https:\/\/www.revistarescatados.com.ar\/web\/wp-json\/wp\/v2\/types\/post"}],"author":[{"embeddable":true,"href":"https:\/\/www.revistarescatados.com.ar\/web\/wp-json\/wp\/v2\/users\/1"}],"replies":[{"embeddable":true,"href":"https:\/\/www.revistarescatados.com.ar\/web\/wp-json\/wp\/v2\/comments?post=1263"}],"version-history":[{"count":1,"href":"https:\/\/www.revistarescatados.com.ar\/web\/wp-json\/wp\/v2\/posts\/1263\/revisions"}],"predecessor-version":[{"id":1264,"href":"https:\/\/www.revistarescatados.com.ar\/web\/wp-json\/wp\/v2\/posts\/1263\/revisions\/1264"}],"wp:featuredmedia":[{"embeddable":true,"href":"https:\/\/www.revistarescatados.com.ar\/web\/wp-json\/wp\/v2\/media\/172"}],"wp:attachment":[{"href":"https:\/\/www.revistarescatados.com.ar\/web\/wp-json\/wp\/v2\/media?parent=1263"}],"wp:term":[{"taxonomy":"category","embeddable":true,"href":"https:\/\/www.revistarescatados.com.ar\/web\/wp-json\/wp\/v2\/categories?post=1263"},{"taxonomy":"post_tag","embeddable":true,"href":"https:\/\/www.revistarescatados.com.ar\/web\/wp-json\/wp\/v2\/tags?post=1263"}],"curies":[{"name":"wp","href":"https:\/\/api.w.org\/{rel}","templated":true}]}}