{"id":12662,"date":"2021-02-04T23:55:57","date_gmt":"2021-02-05T02:55:57","guid":{"rendered":"http:\/\/www.revistarescatados.com.ar\/web\/?p=12662"},"modified":"2021-02-05T00:08:53","modified_gmt":"2021-02-05T03:08:53","slug":"secuestraron-una-moto-sin-luces-papeles-y-a-alta-velocidad-sobre-la-ruta-11-en-calchaqui","status":"publish","type":"post","link":"https:\/\/www.revistarescatados.com.ar\/web\/2021\/02\/04\/secuestraron-una-moto-sin-luces-papeles-y-a-alta-velocidad-sobre-la-ruta-11-en-calchaqui\/","title":{"rendered":"Secuestraron una moto sin luces, ni papeles y a alta velocidad sobre la ruta 11 en Calchaqu\u00ed"},"content":{"rendered":"\n<p><\/p>\n\n\n\n<figure class=\"wp-block-image size-large\"><img loading=\"lazy\" width=\"1024\" height=\"576\" src=\"http:\/\/www.revistarescatados.com.ar\/web\/wp-content\/uploads\/2021\/02\/motos-secuestrada-1024x576.jpg\" alt=\"\" class=\"wp-image-12663\" srcset=\"https:\/\/www.revistarescatados.com.ar\/web\/wp-content\/uploads\/2021\/02\/motos-secuestrada-1024x576.jpg 1024w, https:\/\/www.revistarescatados.com.ar\/web\/wp-content\/uploads\/2021\/02\/motos-secuestrada-300x169.jpg 300w, https:\/\/www.revistarescatados.com.ar\/web\/wp-content\/uploads\/2021\/02\/motos-secuestrada-768x432.jpg 768w, https:\/\/www.revistarescatados.com.ar\/web\/wp-content\/uploads\/2021\/02\/motos-secuestrada.jpg 1280w\" sizes=\"(max-width: 1024px) 100vw, 1024px\" \/><\/figure>\n\n\n\n<p><strong><span class=\"has-inline-color has-vivid-red-color\">Este mi\u00e9rcoles por la noche,  personal policial realiz\u00f3 el procedimiento mientras  patrullaba en el sur del ejido urbano. El rodado pon\u00eda en riesgo la vida de terceros y era conducido por un joven de 19 a\u00f1os.<\/span><\/strong><\/p>\n\n\n\n<p><br>Este 3 de febrero, momentos en que personal de la Comisar\u00eda II de Calchaqu\u00ed  se encontraba realizando patrullajes pueden observar una motocicleta que era conducida por un joven y se dirig\u00eda por ruta 11 hacia el cardinal Sur.<\/p>\n\n\n\n<p>El veh\u00edculo no presentaba ning\u00fan tipo de luces, iba a gran velocidad poniendo en riesgo la vida de terceros.  Por lo que se logr\u00f3 detener la marcha de la motocicleta que era guiada un joven de 19 a\u00f1os con domicilio en barrio Malvinas.<\/p>\n\n\n\n<p>Los polic\u00edas le consultaron por la documentaci\u00f3n de dicho rodado y manifest\u00f3 que no la pose\u00eda. Se procedi\u00f3 al secuestro preventivo de dicho rodado, por infracci\u00f3n al art\u00edculo 105 del CODIGO DE CONVIVENCIA LEY 13.774.<\/p>\n","protected":false},"excerpt":{"rendered":"<p>Este mi\u00e9rcoles por la noche, personal policial realiz\u00f3 el procedimiento mientras patrullaba en el sur del ejido urbano. El rodado pon\u00eda en riesgo la vida de terceros y era conducido por un&#46;&#46;&#46;<\/p>\n","protected":false},"author":1,"featured_media":12663,"comment_status":"closed","ping_status":"closed","sticky":false,"template":"","format":"standard","meta":[],"categories":[2,3,16,11],"tags":[],"_links":{"self":[{"href":"https:\/\/www.revistarescatados.com.ar\/web\/wp-json\/wp\/v2\/posts\/12662"}],"collection":[{"href":"https:\/\/www.revistarescatados.com.ar\/web\/wp-json\/wp\/v2\/posts"}],"about":[{"href":"https:\/\/www.revistarescatados.com.ar\/web\/wp-json\/wp\/v2\/types\/post"}],"author":[{"embeddable":true,"href":"https:\/\/www.revistarescatados.com.ar\/web\/wp-json\/wp\/v2\/users\/1"}],"replies":[{"embeddable":true,"href":"https:\/\/www.revistarescatados.com.ar\/web\/wp-json\/wp\/v2\/comments?post=12662"}],"version-history":[{"count":3,"href":"https:\/\/www.revistarescatados.com.ar\/web\/wp-json\/wp\/v2\/posts\/12662\/revisions"}],"predecessor-version":[{"id":12666,"href":"https:\/\/www.revistarescatados.com.ar\/web\/wp-json\/wp\/v2\/posts\/12662\/revisions\/12666"}],"wp:featuredmedia":[{"embeddable":true,"href":"https:\/\/www.revistarescatados.com.ar\/web\/wp-json\/wp\/v2\/media\/12663"}],"wp:attachment":[{"href":"https:\/\/www.revistarescatados.com.ar\/web\/wp-json\/wp\/v2\/media?parent=12662"}],"wp:term":[{"taxonomy":"category","embeddable":true,"href":"https:\/\/www.revistarescatados.com.ar\/web\/wp-json\/wp\/v2\/categories?post=12662"},{"taxonomy":"post_tag","embeddable":true,"href":"https:\/\/www.revistarescatados.com.ar\/web\/wp-json\/wp\/v2\/tags?post=12662"}],"curies":[{"name":"wp","href":"https:\/\/api.w.org\/{rel}","templated":true}]}}