{"id":12667,"date":"2021-02-05T00:15:33","date_gmt":"2021-02-05T03:15:33","guid":{"rendered":"http:\/\/www.revistarescatados.com.ar\/web\/?p=12667"},"modified":"2021-02-05T00:15:41","modified_gmt":"2021-02-05T03:15:41","slug":"la-provincia-inicio-las-reuniones-paritarias-con-los-gremios-de-la-administracion-central","status":"publish","type":"post","link":"https:\/\/www.revistarescatados.com.ar\/web\/2021\/02\/05\/la-provincia-inicio-las-reuniones-paritarias-con-los-gremios-de-la-administracion-central\/","title":{"rendered":"La provincia inici\u00f3 las reuniones paritarias con los gremios de la administraci\u00f3n central"},"content":{"rendered":"\n<figure class=\"wp-block-image size-large\"><img loading=\"lazy\" width=\"1024\" height=\"683\" src=\"http:\/\/www.revistarescatados.com.ar\/web\/wp-content\/uploads\/2021\/02\/paritaria-central-2021-1024x683.jpg\" alt=\"\" class=\"wp-image-12668\" srcset=\"https:\/\/www.revistarescatados.com.ar\/web\/wp-content\/uploads\/2021\/02\/paritaria-central-2021-1024x683.jpg 1024w, https:\/\/www.revistarescatados.com.ar\/web\/wp-content\/uploads\/2021\/02\/paritaria-central-2021-300x200.jpg 300w, https:\/\/www.revistarescatados.com.ar\/web\/wp-content\/uploads\/2021\/02\/paritaria-central-2021-768x512.jpg 768w\" sizes=\"(max-width: 1024px) 100vw, 1024px\" \/><\/figure>\n\n\n\n<p><strong><span class=\"has-inline-color has-vivid-red-color\">El encuentro se desarroll\u00f3 en el Ministerio de Econom\u00eda junto a ATE y UPCN. \u201cLa demostraci\u00f3n de nuestra apuesta al di\u00e1logo es habernos reunido en la fecha pactada. Esto hace a la credibilidad y a la buena fe en la negociaci\u00f3n colectiva\u201d, destac\u00f3 Pusineri.<\/span><\/strong><\/p>\n\n\n\n<p>Los ministros de Trabajo, Empleo y Seguridad Social, Juan Manuel Pusineri, y de Econom\u00eda, Walter Agosto, encabezaron este jueves la primera reuni\u00f3n paritaria de 2021 con los representantes de los gremios ATE y UPCN.<\/p>\n\n\n\n<p>Luego del encuentro, Pusineri destac\u00f3 \u201cel cumplimiento que viene sosteniendo el gobierno, en conjunto con los gremios, de los compromisos que va asumiendo. El a\u00f1o pasado y a principio de este a\u00f1o hab\u00edamos fijado fecha para las reuniones paritarias y la demostraci\u00f3n de nuestra apuesta al di\u00e1logo social, a la negociaci\u00f3n colectiva, es habernos reunido hoy, en la fecha pactada. Esto hace a la credibilidad y a la buena fe en la negociaci\u00f3n colectiva\u201d.<\/p>\n\n\n\n<p>En este sentido, el ministro precis\u00f3 que se acord\u00f3 iniciar la semana que viene con \u201cla instrumentaci\u00f3n del pase a planta de personal contratado, cronogramas de reuniones jurisdiccionales y titularizaci\u00f3n de subrogancias\u201d. Adem\u00e1s, se puso \u201cen agenda el tema de ir hacia la normalidad de la prestaci\u00f3n de servicios, tanto en el regreso a las escuelas como en la administraci\u00f3n central\u201d.<\/p>\n\n\n\n<p>Por \u00faltimo, Pusineri se refiri\u00f3 a la pol\u00edtica salarial y se\u00f1al\u00f3 que \u201cnecesitamos tener las referencias nacionales, por eso pactamos una reuni\u00f3n para el pr\u00f3ximo viernes\u201d. Asimismo, indic\u00f3 que \u201cla voluntad del gobierno es tener un acuerdo lo antes posible, porque mientras antes podamos acordar es mejor para los trabajadores y para el Estado\u201d.<\/p>\n\n\n\n<figure class=\"wp-block-embed is-type-rich is-provider-gestor-del-servicio\"><div class=\"wp-block-embed__wrapper\">\n<div style=\"width: 640px;\" class=\"wp-video\"><!--[if lt IE 9]><script>document.createElement('video');<\/script><![endif]-->\n<video class=\"wp-video-shortcode\" id=\"video-12667-1\" width=\"640\" height=\"360\" preload=\"metadata\" controls=\"controls\"><source type=\"video\/mp4\" src=\"https:\/\/www.santafe.gov.ar\/noticias\/recursos\/videosHD\/2021\/02\/2021-02-04NID_269868O_1.mp4?_=1\" \/><a href=\"https:\/\/www.santafe.gov.ar\/noticias\/recursos\/videosHD\/2021\/02\/2021-02-04NID_269868O_1.mp4\">https:\/\/www.santafe.gov.ar\/noticias\/recursos\/videosHD\/2021\/02\/2021-02-04NID_269868O_1.mp4<\/a><\/video><\/div>\n<\/div><\/figure>\n\n\n\n<p>Por su parte, el secretario general de UPCN, Jorge Molina, asegur\u00f3 que durante el encuentro se plante\u00f3 \u201cla idea que los salarios superen a la inflaci\u00f3n, y la instrumentaci\u00f3n de tres temas concretos: uno referido al personal contratado, que la semana que viene se va a comenzar a implementar en cada jurisdicci\u00f3n; la confirmaci\u00f3n de subrogancias; y la puesta en funcionamiento de las comisiones jurisdiccionales, que significan mesas en cada Ministerio con los autoridades\u201d.<\/p>\n\n\n\n<p>\u201cTambi\u00e9n hemos hablado de la necesidad de pautar normas en la vuelta a la normalidad laboral de los compa\u00f1eros que hoy todav\u00eda no est\u00e1n trabajando por alguna circunstancia. Es nuestro inter\u00e9s respetar el protocolo y entendemos que tenemos que ir avanzando a una normalidad que nos permita tener una vida mucho m\u00e1s ordenada\u201d, agreg\u00f3 Molina.<\/p>\n\n\n\n<p>En tanto, el representante de ATE, Jorge Hoffman, sostuvo que \u201cfue una buena reuni\u00f3n y un buen comienzo. En el caso de los contratados, podemos decirle a los compa\u00f1eros que la semana que viene, a trav\u00e9s de cada una de las jurisdicciones, se va a comenzar el pase a planta de los trabajadores contratados en la anterior gesti\u00f3n. Esto es muy importante\u201d.<\/p>\n\n\n\n<p>Del encuentro, tambi\u00e9n particip\u00f3 el secretario Recursos Humanos y Funci\u00f3n P\u00fablica del Ministerio de Econom\u00eda, Guillermo Mateo.<\/p>\n","protected":false},"excerpt":{"rendered":"<p>El encuentro se desarroll\u00f3 en el Ministerio de Econom\u00eda junto a ATE y UPCN. \u201cLa demostraci\u00f3n de nuestra apuesta al di\u00e1logo es habernos reunido en la fecha pactada. Esto hace a la&#46;&#46;&#46;<\/p>\n","protected":false},"author":1,"featured_media":12668,"comment_status":"closed","ping_status":"closed","sticky":false,"template":"","format":"standard","meta":[],"categories":[16,10,12],"tags":[],"_links":{"self":[{"href":"https:\/\/www.revistarescatados.com.ar\/web\/wp-json\/wp\/v2\/posts\/12667"}],"collection":[{"href":"https:\/\/www.revistarescatados.com.ar\/web\/wp-json\/wp\/v2\/posts"}],"about":[{"href":"https:\/\/www.revistarescatados.com.ar\/web\/wp-json\/wp\/v2\/types\/post"}],"author":[{"embeddable":true,"href":"https:\/\/www.revistarescatados.com.ar\/web\/wp-json\/wp\/v2\/users\/1"}],"replies":[{"embeddable":true,"href":"https:\/\/www.revistarescatados.com.ar\/web\/wp-json\/wp\/v2\/comments?post=12667"}],"version-history":[{"count":1,"href":"https:\/\/www.revistarescatados.com.ar\/web\/wp-json\/wp\/v2\/posts\/12667\/revisions"}],"predecessor-version":[{"id":12669,"href":"https:\/\/www.revistarescatados.com.ar\/web\/wp-json\/wp\/v2\/posts\/12667\/revisions\/12669"}],"wp:featuredmedia":[{"embeddable":true,"href":"https:\/\/www.revistarescatados.com.ar\/web\/wp-json\/wp\/v2\/media\/12668"}],"wp:attachment":[{"href":"https:\/\/www.revistarescatados.com.ar\/web\/wp-json\/wp\/v2\/media?parent=12667"}],"wp:term":[{"taxonomy":"category","embeddable":true,"href":"https:\/\/www.revistarescatados.com.ar\/web\/wp-json\/wp\/v2\/categories?post=12667"},{"taxonomy":"post_tag","embeddable":true,"href":"https:\/\/www.revistarescatados.com.ar\/web\/wp-json\/wp\/v2\/tags?post=12667"}],"curies":[{"name":"wp","href":"https:\/\/api.w.org\/{rel}","templated":true}]}}