{"id":12690,"date":"2021-02-09T22:06:55","date_gmt":"2021-02-10T01:06:55","guid":{"rendered":"http:\/\/www.revistarescatados.com.ar\/web\/?p=12690"},"modified":"2021-02-09T22:07:14","modified_gmt":"2021-02-10T01:07:14","slug":"calchaqui-firmo-un-convenio-con-la-unl-para-implementar-las-becas-crearte-para-artistas-y-artesanos","status":"publish","type":"post","link":"https:\/\/www.revistarescatados.com.ar\/web\/2021\/02\/09\/calchaqui-firmo-un-convenio-con-la-unl-para-implementar-las-becas-crearte-para-artistas-y-artesanos\/","title":{"rendered":"Calchaqu\u00ed firm\u00f3 un convenio con la UNL para implementar las becas &#8220;CreArte&#8221; para artistas y artesanos"},"content":{"rendered":"\n<figure class=\"wp-block-image size-large\"><img loading=\"lazy\" width=\"1024\" height=\"682\" src=\"http:\/\/www.revistarescatados.com.ar\/web\/wp-content\/uploads\/2021\/02\/CREARTE-CALCHAQUI-1024x682.jpg\" alt=\"\" class=\"wp-image-12691\" srcset=\"https:\/\/www.revistarescatados.com.ar\/web\/wp-content\/uploads\/2021\/02\/CREARTE-CALCHAQUI-1024x682.jpg 1024w, https:\/\/www.revistarescatados.com.ar\/web\/wp-content\/uploads\/2021\/02\/CREARTE-CALCHAQUI-300x200.jpg 300w, https:\/\/www.revistarescatados.com.ar\/web\/wp-content\/uploads\/2021\/02\/CREARTE-CALCHAQUI-768x511.jpg 768w, https:\/\/www.revistarescatados.com.ar\/web\/wp-content\/uploads\/2021\/02\/CREARTE-CALCHAQUI.jpg 1280w\" sizes=\"(max-width: 1024px) 100vw, 1024px\" \/><\/figure>\n\n\n\n<p><strong><span class=\"has-inline-color has-vivid-red-color\">El intendente Rub\u00e9n Cuello particip\u00f3 en Reconquista de la firma del convenio con la UNL para la implementaci\u00f3n de CreArte, una iniciativa de la Universidad Nacional del Litoral y 12 localidades de los Departamentos General Obligado y Vera.<\/span><\/strong><\/p>\n\n\n\n<p>Se trata de un fondo concursable de becas creaci\u00f3n y formaci\u00f3n art\u00edstica, con el fin de promover el arte y la cultura local como motores de desarrollo regional para la transformaci\u00f3n social del litoral.<\/p>\n\n\n\n<p><strong><span class=\"has-inline-color has-vivid-red-color\">DISCIPLINAS QUE PODR\u00c1N CONCURSAR :<\/span><\/strong><\/p>\n\n\n\n<p>\u25aa Transformaci\u00f3n social.<br>\u25aa M\u00fasica.<br>\u25aa Artes audiovisuales y multimedia.<br>\u25aa Artes visuales.<br>\u25aa Artes esc\u00e9nicas.<br>\u25aa Dise\u00f1o, artesan\u00edas y patrimonio.<br>\u25aa Letras.<br>\u25aa Artes combinadas para proyectos transdisciplinarios.<\/p>\n\n\n\n<figure class=\"wp-block-image size-large\"><img loading=\"lazy\" width=\"1024\" height=\"682\" src=\"http:\/\/www.revistarescatados.com.ar\/web\/wp-content\/uploads\/2021\/02\/CREARTE-CALCHAQUI-1-1024x682.jpg\" alt=\"\" class=\"wp-image-12692\" srcset=\"https:\/\/www.revistarescatados.com.ar\/web\/wp-content\/uploads\/2021\/02\/CREARTE-CALCHAQUI-1-1024x682.jpg 1024w, https:\/\/www.revistarescatados.com.ar\/web\/wp-content\/uploads\/2021\/02\/CREARTE-CALCHAQUI-1-300x200.jpg 300w, https:\/\/www.revistarescatados.com.ar\/web\/wp-content\/uploads\/2021\/02\/CREARTE-CALCHAQUI-1-768x512.jpg 768w, https:\/\/www.revistarescatados.com.ar\/web\/wp-content\/uploads\/2021\/02\/CREARTE-CALCHAQUI-1.jpg 1280w\" sizes=\"(max-width: 1024px) 100vw, 1024px\" \/><\/figure>\n\n\n\n<p><strong>? \u00bfQui\u00e9nes pueden concursar? \u2b07\ufe0f<\/strong><\/p>\n\n\n\n<p>Dise\u00f1adores, artistas, artesanos, creadores y\/o gestores culturales de nacionalidad argentina, mayores de edad y con domicilio legal en la localidad.<\/p>\n\n\n\n<p><strong>? Temas para trabajar: \u2b07\ufe0f<\/strong><br>\u2705Activos del Sitio Ramsar Jaaukanig\u00e1s.<br>\u2705El patrimonio forestal.<br>\u2705Historia del ferrocarril de la ciudad.<\/p>\n\n\n\n<p><strong>? Consultas: \u2b07\ufe0f<\/strong><\/p>\n\n\n\n<p>?\ufe0fSecretar\u00eda de Desarrollo Social (en diagonal a la Municipalidad)<br>?\ufe0fDe lunes a viernes de 8.00 a 12.00 hs.<br>?\ufe0f?401167.<\/p>\n\n\n\n<p>? M\u00e1s informaci\u00f3n y Reglamento: \u2b07\ufe0f<\/p>\n\n\n\n<figure class=\"wp-block-embed-wordpress wp-block-embed is-type-wp-embed is-provider-crearte-litoral-2021\"><div class=\"wp-block-embed__wrapper\">\n<blockquote class=\"wp-embedded-content\" data-secret=\"R6cgHf3tan\"><a href=\"https:\/\/www.unl.edu.ar\/creartelitoral\/\">Inicio<\/a><\/blockquote><iframe class=\"wp-embedded-content\" sandbox=\"allow-scripts\" security=\"restricted\" style=\"position: absolute; clip: rect(1px, 1px, 1px, 1px);\" title=\"&#8220;Inicio&#8221; &#8212; CreArte Litoral 2021\" src=\"https:\/\/www.unl.edu.ar\/creartelitoral\/embed\/#?secret=R6cgHf3tan\" data-secret=\"R6cgHf3tan\" width=\"500\" height=\"282\" frameborder=\"0\" marginwidth=\"0\" marginheight=\"0\" scrolling=\"no\"><\/iframe>\n<\/div><\/figure>\n","protected":false},"excerpt":{"rendered":"<p>El intendente Rub\u00e9n Cuello particip\u00f3 en Reconquista de la firma del convenio con la UNL para la implementaci\u00f3n de CreArte, una iniciativa de la Universidad Nacional del Litoral y 12 localidades de&#46;&#46;&#46;<\/p>\n","protected":false},"author":1,"featured_media":12691,"comment_status":"closed","ping_status":"closed","sticky":false,"template":"","format":"standard","meta":[],"categories":[2,7,6,3,16],"tags":[],"_links":{"self":[{"href":"https:\/\/www.revistarescatados.com.ar\/web\/wp-json\/wp\/v2\/posts\/12690"}],"collection":[{"href":"https:\/\/www.revistarescatados.com.ar\/web\/wp-json\/wp\/v2\/posts"}],"about":[{"href":"https:\/\/www.revistarescatados.com.ar\/web\/wp-json\/wp\/v2\/types\/post"}],"author":[{"embeddable":true,"href":"https:\/\/www.revistarescatados.com.ar\/web\/wp-json\/wp\/v2\/users\/1"}],"replies":[{"embeddable":true,"href":"https:\/\/www.revistarescatados.com.ar\/web\/wp-json\/wp\/v2\/comments?post=12690"}],"version-history":[{"count":1,"href":"https:\/\/www.revistarescatados.com.ar\/web\/wp-json\/wp\/v2\/posts\/12690\/revisions"}],"predecessor-version":[{"id":12693,"href":"https:\/\/www.revistarescatados.com.ar\/web\/wp-json\/wp\/v2\/posts\/12690\/revisions\/12693"}],"wp:featuredmedia":[{"embeddable":true,"href":"https:\/\/www.revistarescatados.com.ar\/web\/wp-json\/wp\/v2\/media\/12691"}],"wp:attachment":[{"href":"https:\/\/www.revistarescatados.com.ar\/web\/wp-json\/wp\/v2\/media?parent=12690"}],"wp:term":[{"taxonomy":"category","embeddable":true,"href":"https:\/\/www.revistarescatados.com.ar\/web\/wp-json\/wp\/v2\/categories?post=12690"},{"taxonomy":"post_tag","embeddable":true,"href":"https:\/\/www.revistarescatados.com.ar\/web\/wp-json\/wp\/v2\/tags?post=12690"}],"curies":[{"name":"wp","href":"https:\/\/api.w.org\/{rel}","templated":true}]}}