{"id":12708,"date":"2021-02-09T23:09:03","date_gmt":"2021-02-10T02:09:03","guid":{"rendered":"http:\/\/www.revistarescatados.com.ar\/web\/?p=12708"},"modified":"2021-02-09T23:09:11","modified_gmt":"2021-02-10T02:09:11","slug":"ley-micaela-la-provincia-firmo-un-convenio-con-upcn","status":"publish","type":"post","link":"https:\/\/www.revistarescatados.com.ar\/web\/2021\/02\/09\/ley-micaela-la-provincia-firmo-un-convenio-con-upcn\/","title":{"rendered":"Ley Micaela: La provincia firm\u00f3 un convenio con UPCN"},"content":{"rendered":"\n<p><\/p>\n\n\n\n<figure class=\"wp-block-image size-large\"><img loading=\"lazy\" width=\"1024\" height=\"575\" src=\"http:\/\/www.revistarescatados.com.ar\/web\/wp-content\/uploads\/2021\/02\/ley-micaela-upcn-1024x575.jpeg\" alt=\"\" class=\"wp-image-12709\" srcset=\"https:\/\/www.revistarescatados.com.ar\/web\/wp-content\/uploads\/2021\/02\/ley-micaela-upcn-1024x575.jpeg 1024w, https:\/\/www.revistarescatados.com.ar\/web\/wp-content\/uploads\/2021\/02\/ley-micaela-upcn-300x169.jpeg 300w, https:\/\/www.revistarescatados.com.ar\/web\/wp-content\/uploads\/2021\/02\/ley-micaela-upcn-768x432.jpeg 768w, https:\/\/www.revistarescatados.com.ar\/web\/wp-content\/uploads\/2021\/02\/ley-micaela-upcn-1536x863.jpeg 1536w\" sizes=\"(max-width: 1024px) 100vw, 1024px\" \/><\/figure>\n\n\n\n<p><\/p>\n\n\n\n<p><strong><span class=\"has-inline-color has-vivid-red-color\">El Gobierno de Santa Fe, a trav\u00e9s de la Secretar\u00eda de Estado de Igualdad y G\u00e9nero, suscribi\u00f3 este lunes un convenio con la Uni\u00f3n del Personal Civil de la Naci\u00f3n (UPCN) para la implementaci\u00f3n de la ley Micaela.<\/span><\/strong><\/p>\n\n\n\n<p>El acuerdo fue rubricado por la secretaria de Estado de Igualdad y G\u00e9nero, Celia Arena, y el secretario general del sindicato, Jorge Molina. Tambi\u00e9n participaron la subsecretaria de Mujeres, G\u00e9nero y Diversidad provincial, Florencia Marinaro; y las representantes de UPCN Roxana Zamora, Guadalupe Rom\u00e1n, Maria Jos\u00e9 Ibarlin y Paola Romero.<\/p>\n\n\n\n<p>Al respecto, Arena se\u00f1al\u00f3 que \u201ccomo Secretar\u00eda de Estado somos autoridad de aplicaci\u00f3n de Ley Micaela para los tres poderes del Estado, pero adem\u00e1s y por pedido claro de nuestro gobernador Omar Perotti, es nuestra intenci\u00f3n llegar a cada rinc\u00f3n de la provincia, articulando con instituciones de la sociedad civil y gobiernos locales\u201d.<\/p>\n\n\n\n<figure class=\"wp-block-embed is-type-rich is-provider-gestor-del-servicio\"><div class=\"wp-block-embed__wrapper\">\n<div style=\"width: 640px;\" class=\"wp-video\"><!--[if lt IE 9]><script>document.createElement('video');<\/script><![endif]-->\n<video class=\"wp-video-shortcode\" id=\"video-12708-1\" width=\"640\" height=\"360\" preload=\"metadata\" controls=\"controls\"><source type=\"video\/mp4\" src=\"https:\/\/www.santafe.gov.ar\/noticias\/recursos\/videosHD\/2021\/02\/2021-02-08NID_269909O_1.mp4?_=1\" \/><a href=\"https:\/\/www.santafe.gov.ar\/noticias\/recursos\/videosHD\/2021\/02\/2021-02-08NID_269909O_1.mp4\">https:\/\/www.santafe.gov.ar\/noticias\/recursos\/videosHD\/2021\/02\/2021-02-08NID_269909O_1.mp4<\/a><\/video><\/div>\n<\/div><\/figure>\n\n\n\n<p>Asimismo, precis\u00f3 que \u201ceste convenio que firmamos establece que vamos a certificar a formadores y formadoras del gremio para que instrumenten la capacitaci\u00f3n. Es una forma de estar presentes en todos los espacios del estado y en todos los rincones de la provincia\u201d, agreg\u00f3 la funcionaria.<\/p>\n\n\n\n<p>Por su parte, la secretaria de Igualdad de Oportunidades de UPCN, Rosana Zamora, indic\u00f3 que \u201ccomo organizaci\u00f3n sindical, a trav\u00e9s de las secretarias de Igualdad de Oportunidades y de Formaci\u00f3n Profesional, vamos a acercar, en este caso, nuestro plan de trabajo para que sea aprobado y podamos recorrer la provincia en los distintos lugares donde estamos para poder capacitar y formar en la tem\u00e1tica\u201d.<\/p>\n\n\n\n<p>Durante la reuni\u00f3n, las funcionarias, y representantes gremiales celebraron el convenio y aportaron a la discusi\u00f3n en relaci\u00f3n a los alcances de la ley y de la perspectiva de g\u00e9nero en cada uno de los \u00e1mbitos competentes.<\/p>\n","protected":false},"excerpt":{"rendered":"<p>El Gobierno de Santa Fe, a trav\u00e9s de la Secretar\u00eda de Estado de Igualdad y G\u00e9nero, suscribi\u00f3 este lunes un convenio con la Uni\u00f3n del Personal Civil de la Naci\u00f3n (UPCN) para&#46;&#46;&#46;<\/p>\n","protected":false},"author":1,"featured_media":12709,"comment_status":"closed","ping_status":"closed","sticky":false,"template":"","format":"standard","meta":[],"categories":[16,10,12,8],"tags":[],"_links":{"self":[{"href":"https:\/\/www.revistarescatados.com.ar\/web\/wp-json\/wp\/v2\/posts\/12708"}],"collection":[{"href":"https:\/\/www.revistarescatados.com.ar\/web\/wp-json\/wp\/v2\/posts"}],"about":[{"href":"https:\/\/www.revistarescatados.com.ar\/web\/wp-json\/wp\/v2\/types\/post"}],"author":[{"embeddable":true,"href":"https:\/\/www.revistarescatados.com.ar\/web\/wp-json\/wp\/v2\/users\/1"}],"replies":[{"embeddable":true,"href":"https:\/\/www.revistarescatados.com.ar\/web\/wp-json\/wp\/v2\/comments?post=12708"}],"version-history":[{"count":1,"href":"https:\/\/www.revistarescatados.com.ar\/web\/wp-json\/wp\/v2\/posts\/12708\/revisions"}],"predecessor-version":[{"id":12710,"href":"https:\/\/www.revistarescatados.com.ar\/web\/wp-json\/wp\/v2\/posts\/12708\/revisions\/12710"}],"wp:featuredmedia":[{"embeddable":true,"href":"https:\/\/www.revistarescatados.com.ar\/web\/wp-json\/wp\/v2\/media\/12709"}],"wp:attachment":[{"href":"https:\/\/www.revistarescatados.com.ar\/web\/wp-json\/wp\/v2\/media?parent=12708"}],"wp:term":[{"taxonomy":"category","embeddable":true,"href":"https:\/\/www.revistarescatados.com.ar\/web\/wp-json\/wp\/v2\/categories?post=12708"},{"taxonomy":"post_tag","embeddable":true,"href":"https:\/\/www.revistarescatados.com.ar\/web\/wp-json\/wp\/v2\/tags?post=12708"}],"curies":[{"name":"wp","href":"https:\/\/api.w.org\/{rel}","templated":true}]}}