{"id":12783,"date":"2021-02-15T10:31:49","date_gmt":"2021-02-15T13:31:49","guid":{"rendered":"http:\/\/www.revistarescatados.com.ar\/web\/?p=12783"},"modified":"2021-02-15T10:31:54","modified_gmt":"2021-02-15T13:31:54","slug":"secuestraron-8-motos-y-hubo-9-aprehendidos-por-violar-disposiciones-relacionadas-al-covid-19-en-calchaqui","status":"publish","type":"post","link":"https:\/\/www.revistarescatados.com.ar\/web\/2021\/02\/15\/secuestraron-8-motos-y-hubo-9-aprehendidos-por-violar-disposiciones-relacionadas-al-covid-19-en-calchaqui\/","title":{"rendered":"Secuestraron 8 motos y hubo 9 aprehendidos por violar disposiciones relacionadas al Covid-19 en Calchaqu\u00ed"},"content":{"rendered":"\n<figure class=\"wp-block-image size-large\"><img loading=\"lazy\" width=\"1024\" height=\"576\" src=\"http:\/\/www.revistarescatados.com.ar\/web\/wp-content\/uploads\/2021\/02\/motos-secuestradas-1-1024x576.jpg\" alt=\"\" class=\"wp-image-12784\" srcset=\"https:\/\/www.revistarescatados.com.ar\/web\/wp-content\/uploads\/2021\/02\/motos-secuestradas-1-1024x576.jpg 1024w, https:\/\/www.revistarescatados.com.ar\/web\/wp-content\/uploads\/2021\/02\/motos-secuestradas-1-300x169.jpg 300w, https:\/\/www.revistarescatados.com.ar\/web\/wp-content\/uploads\/2021\/02\/motos-secuestradas-1-768x432.jpg 768w, https:\/\/www.revistarescatados.com.ar\/web\/wp-content\/uploads\/2021\/02\/motos-secuestradas-1.jpg 1280w\" sizes=\"(max-width: 1024px) 100vw, 1024px\" \/><\/figure>\n\n\n\n<p><strong><span class=\"has-inline-color has-vivid-red-color\">La polic\u00eda de la Comisar\u00eda II llevo adelante distintos operativos n el ejido urbano el pasado s\u00e1bado, con la incautaci\u00f3n de rodados y traslado de personas en la v\u00eda p\u00fablica.<\/span><\/strong><\/p>\n\n\n\n<p><br>El s\u00e1bado 13 de febrero,  se completaron  actas de procedimiento labradas por personal de la comisaria Segunda de Calchaqu\u00ed en patrullajes efectuados en distintos puntos urbanos de de ese medio como as\u00ed en intersecci\u00f3n con ruta Nacional Nro. 11.<\/p>\n\n\n\n<p><br>Procedieron al secuestro preventivo de una totalidad de ocho motocicletas de<br>distintas marcas y cilindradas y la aprehensi\u00f3n de 9 ciudadanos de distintos<br>sexos quienes infring\u00edan disposiciones en relaciona al COVID- 19 labr\u00e1ndose<br>infracciones a los c\u00f3digos 205 Y 239 del C\u00f3digo Penal Argentino . <\/p>\n\n\n\n<p>Interviene Unidad Fiscal Nro 4 distrito Vera.-<\/p>\n","protected":false},"excerpt":{"rendered":"<p>La polic\u00eda de la Comisar\u00eda II llevo adelante distintos operativos n el ejido urbano el pasado s\u00e1bado, con la incautaci\u00f3n de rodados y traslado de personas en la v\u00eda p\u00fablica. El s\u00e1bado&#46;&#46;&#46;<\/p>\n","protected":false},"author":1,"featured_media":12784,"comment_status":"closed","ping_status":"closed","sticky":false,"template":"","format":"standard","meta":[],"categories":[2,3,16,11],"tags":[],"_links":{"self":[{"href":"https:\/\/www.revistarescatados.com.ar\/web\/wp-json\/wp\/v2\/posts\/12783"}],"collection":[{"href":"https:\/\/www.revistarescatados.com.ar\/web\/wp-json\/wp\/v2\/posts"}],"about":[{"href":"https:\/\/www.revistarescatados.com.ar\/web\/wp-json\/wp\/v2\/types\/post"}],"author":[{"embeddable":true,"href":"https:\/\/www.revistarescatados.com.ar\/web\/wp-json\/wp\/v2\/users\/1"}],"replies":[{"embeddable":true,"href":"https:\/\/www.revistarescatados.com.ar\/web\/wp-json\/wp\/v2\/comments?post=12783"}],"version-history":[{"count":1,"href":"https:\/\/www.revistarescatados.com.ar\/web\/wp-json\/wp\/v2\/posts\/12783\/revisions"}],"predecessor-version":[{"id":12785,"href":"https:\/\/www.revistarescatados.com.ar\/web\/wp-json\/wp\/v2\/posts\/12783\/revisions\/12785"}],"wp:featuredmedia":[{"embeddable":true,"href":"https:\/\/www.revistarescatados.com.ar\/web\/wp-json\/wp\/v2\/media\/12784"}],"wp:attachment":[{"href":"https:\/\/www.revistarescatados.com.ar\/web\/wp-json\/wp\/v2\/media?parent=12783"}],"wp:term":[{"taxonomy":"category","embeddable":true,"href":"https:\/\/www.revistarescatados.com.ar\/web\/wp-json\/wp\/v2\/categories?post=12783"},{"taxonomy":"post_tag","embeddable":true,"href":"https:\/\/www.revistarescatados.com.ar\/web\/wp-json\/wp\/v2\/tags?post=12783"}],"curies":[{"name":"wp","href":"https:\/\/api.w.org\/{rel}","templated":true}]}}