{"id":12807,"date":"2021-02-17T00:34:50","date_gmt":"2021-02-17T03:34:50","guid":{"rendered":"http:\/\/www.revistarescatados.com.ar\/web\/?p=12807"},"modified":"2021-02-17T00:34:55","modified_gmt":"2021-02-17T03:34:55","slug":"pbro-javier-pividori-asumio-como-nuevo-cura-parroco-de-calchaqui","status":"publish","type":"post","link":"https:\/\/www.revistarescatados.com.ar\/web\/2021\/02\/17\/pbro-javier-pividori-asumio-como-nuevo-cura-parroco-de-calchaqui\/","title":{"rendered":"Pbro. Javier Pividori asumi\u00f3 como nuevo cura p\u00e1rroco de Calchaqu\u00ed"},"content":{"rendered":"\n<figure class=\"wp-block-image size-large\"><img loading=\"lazy\" width=\"1024\" height=\"534\" src=\"http:\/\/www.revistarescatados.com.ar\/web\/wp-content\/uploads\/2021\/02\/parroco-Javier-Pividori-1024x534.jpg\" alt=\"\" class=\"wp-image-12808\" srcset=\"https:\/\/www.revistarescatados.com.ar\/web\/wp-content\/uploads\/2021\/02\/parroco-Javier-Pividori-1024x534.jpg 1024w, https:\/\/www.revistarescatados.com.ar\/web\/wp-content\/uploads\/2021\/02\/parroco-Javier-Pividori-300x156.jpg 300w, https:\/\/www.revistarescatados.com.ar\/web\/wp-content\/uploads\/2021\/02\/parroco-Javier-Pividori-768x400.jpg 768w, https:\/\/www.revistarescatados.com.ar\/web\/wp-content\/uploads\/2021\/02\/parroco-Javier-Pividori.jpg 1280w\" sizes=\"(max-width: 1024px) 100vw, 1024px\" \/><\/figure>\n\n\n\n<p><strong><span class=\"has-inline-color has-vivid-red-color\">Con la presencia del obispo diocesano Angel Jos\u00e9 Mac\u00edn, este s\u00e1bado asumi\u00f3 el ministerio pastoral de la Parroquia  San Luis Gonzaga, el presb\u00edtero Javier Ubaldo Pividori.<\/span><\/strong><\/p>\n\n\n\n<p>Con una celebraci\u00f3n realizada frente al templo parroquial, este s\u00e1bado 13 de febrero a las 19 horas asumi\u00f3 sus funciones el nuevo cura p\u00e1rroco. Se destac\u00f3 el gesto, tras el pedido del obispo, a don Robaldi Rivoire para que bendiga al Padre Javier en su bienvenida a la parroquia.<\/p>\n\n\n\n<figure class=\"wp-block-image size-large\"><img loading=\"lazy\" width=\"1024\" height=\"461\" src=\"http:\/\/www.revistarescatados.com.ar\/web\/wp-content\/uploads\/2021\/02\/parroco-Javier-Pividori1-1024x461.jpg\" alt=\"\" class=\"wp-image-12809\" srcset=\"https:\/\/www.revistarescatados.com.ar\/web\/wp-content\/uploads\/2021\/02\/parroco-Javier-Pividori1-1024x461.jpg 1024w, https:\/\/www.revistarescatados.com.ar\/web\/wp-content\/uploads\/2021\/02\/parroco-Javier-Pividori1-300x135.jpg 300w, https:\/\/www.revistarescatados.com.ar\/web\/wp-content\/uploads\/2021\/02\/parroco-Javier-Pividori1-768x346.jpg 768w, https:\/\/www.revistarescatados.com.ar\/web\/wp-content\/uploads\/2021\/02\/parroco-Javier-Pividori1.jpg 1280w\" sizes=\"(max-width: 1024px) 100vw, 1024px\" \/><\/figure>\n\n\n\n<p><strong><span class=\"has-inline-color has-vivid-red-color\">MENSAJE AL NUEVO PARROCO<\/span><\/strong><\/p>\n\n\n\n<p><strong>Desde el perfil en facebook de la parroquia, se public\u00f3 un mensaje al flamante pastor, que reza textualmente:<\/strong><\/p>\n\n\n\n<p>Padre Javier&#8230; D\u00edas atr\u00e1s, en la misa de envio del padre Walter, lo hac\u00edamos con una expresi\u00f3n muy significativa para nosotros&#8230; &#8220;con una mirada agradecida, te enviamos&#8230;&#8221;.<\/p>\n\n\n\n<p>Y hoy adem\u00e1s de rezar y reflexionar sobre tu llegada, confiando totalmente en la voluntad de nuestro se\u00f1or, te recibimos con una mirada expectante, esperanzadora y dispuestos.<\/p>\n\n\n\n<p>&#8220;Expectante&#8221;, porque todo lo desconocido produce asombro, y tantas preguntas que desde la fe llegaban a nuestro coraz\u00f3n. Preguntas que nos impulsan, animan a comenzar \u00e9sta nueva etapa.<\/p>\n\n\n\n<p>&#8220;Esperanzadora&#8221;, porque creemos que sos un enviado por el se\u00f1or y confirmado por el sucesor de los ap\u00f3stoles, aqu\u00ed presente, confiamos en tu acompa\u00f1amiento en la tarea pastoral.<\/p>\n\n\n\n<p>Y &#8220;dispuestos&#8221;, porque nuestras manos est\u00e1n abiertas y Extendidas ofreciendo dones ,talentos y tiempo para la Cosecha que el se\u00f1or nos tiene preparada.<\/p>\n\n\n\n<p>Querida comunidad, en este tiempo, hemos tenido sentimientos encontrados: tristezas, alegr\u00edas y sobre todo muchas preguntas, pero el se\u00f1or que con su inmenso amor derrama siempre abundantes bendiciones en calchaqui ha enviado un pastor familiero, compa\u00f1ero, caminador y andariego, un hombre de dios visionario ante la realidad de la gente e impulsador de la fe popular.<\/p>\n\n\n\n<p>Pero sobre todo, va conquistando con su sencillez y Humildad.<\/p>\n\n\n\n<p>Por eso Se\u00f1or, te pedimos a ti, el gran alfarero; amalgama con tus manos pacientes estas dos arcillas&#8230; P\u00e1rroco y comunidad, dando forma a la mejor vasija donde fluyan como agua viva. Amor, trabajo, caridad, solidaridad, mucha fe y paciencia.<\/p>\n\n\n\n<p>Querido padre Javier, bienvenido y bendecido inicio en esta tu nueva parroquia.<\/p>\n","protected":false},"excerpt":{"rendered":"<p>Con la presencia del obispo diocesano Angel Jos\u00e9 Mac\u00edn, este s\u00e1bado asumi\u00f3 el ministerio pastoral de la Parroquia San Luis Gonzaga, el presb\u00edtero Javier Ubaldo Pividori. Con una celebraci\u00f3n realizada frente al&#46;&#46;&#46;<\/p>\n","protected":false},"author":1,"featured_media":12808,"comment_status":"closed","ping_status":"closed","sticky":false,"template":"","format":"standard","meta":[],"categories":[2,3,16,10],"tags":[],"_links":{"self":[{"href":"https:\/\/www.revistarescatados.com.ar\/web\/wp-json\/wp\/v2\/posts\/12807"}],"collection":[{"href":"https:\/\/www.revistarescatados.com.ar\/web\/wp-json\/wp\/v2\/posts"}],"about":[{"href":"https:\/\/www.revistarescatados.com.ar\/web\/wp-json\/wp\/v2\/types\/post"}],"author":[{"embeddable":true,"href":"https:\/\/www.revistarescatados.com.ar\/web\/wp-json\/wp\/v2\/users\/1"}],"replies":[{"embeddable":true,"href":"https:\/\/www.revistarescatados.com.ar\/web\/wp-json\/wp\/v2\/comments?post=12807"}],"version-history":[{"count":1,"href":"https:\/\/www.revistarescatados.com.ar\/web\/wp-json\/wp\/v2\/posts\/12807\/revisions"}],"predecessor-version":[{"id":12810,"href":"https:\/\/www.revistarescatados.com.ar\/web\/wp-json\/wp\/v2\/posts\/12807\/revisions\/12810"}],"wp:featuredmedia":[{"embeddable":true,"href":"https:\/\/www.revistarescatados.com.ar\/web\/wp-json\/wp\/v2\/media\/12808"}],"wp:attachment":[{"href":"https:\/\/www.revistarescatados.com.ar\/web\/wp-json\/wp\/v2\/media?parent=12807"}],"wp:term":[{"taxonomy":"category","embeddable":true,"href":"https:\/\/www.revistarescatados.com.ar\/web\/wp-json\/wp\/v2\/categories?post=12807"},{"taxonomy":"post_tag","embeddable":true,"href":"https:\/\/www.revistarescatados.com.ar\/web\/wp-json\/wp\/v2\/tags?post=12807"}],"curies":[{"name":"wp","href":"https:\/\/api.w.org\/{rel}","templated":true}]}}