{"id":12906,"date":"2021-02-23T23:42:43","date_gmt":"2021-02-24T02:42:43","guid":{"rendered":"http:\/\/www.revistarescatados.com.ar\/web\/?p=12906"},"modified":"2021-02-23T23:42:50","modified_gmt":"2021-02-24T02:42:50","slug":"confirman-9-casos-positivos-y-otro-paciente-fallecido-en-calchaqui","status":"publish","type":"post","link":"https:\/\/www.revistarescatados.com.ar\/web\/2021\/02\/23\/confirman-9-casos-positivos-y-otro-paciente-fallecido-en-calchaqui\/","title":{"rendered":"Confirman 9 casos positivos y otro paciente fallecido en Calchaqu\u00ed"},"content":{"rendered":"\n<p><strong><span class=\"has-inline-color has-vivid-red-color\">El informe epidemiol\u00f3gico del 23 de febrero revel\u00f3 que ya son 400 los pacientes recuperados, pero tristemente suman 21 los fallecidos. Este domingo se conoci\u00f3 el deceso de un nuevo paciente internado en Reconquista. <\/span><\/strong><\/p>\n\n\n\n<p>Actualmente hay 31 casos activos, de los cuales 2 pacientes se encuentran internados en centro de mayor complejidad y el resto en sus domicilios. Este martes, se otorgaron 2 altas.<\/p>\n\n\n\n<p>El domingo 21 de febrero se conoci\u00f3 sobre el fallecimiento del paciente N\u00ba 21 en esta pandemia. Se trata de don Alejandro Videla, vecino del barrio Malvinas, que se encontraba internado en el Hospital Central de Reconquista.<\/p>\n\n\n\n<figure class=\"wp-block-image size-large\"><img loading=\"lazy\" width=\"1024\" height=\"1024\" src=\"http:\/\/www.revistarescatados.com.ar\/web\/wp-content\/uploads\/2021\/02\/reporte-23-02-1024x1024.jpg\" alt=\"\" class=\"wp-image-12907\" srcset=\"https:\/\/www.revistarescatados.com.ar\/web\/wp-content\/uploads\/2021\/02\/reporte-23-02-1024x1024.jpg 1024w, https:\/\/www.revistarescatados.com.ar\/web\/wp-content\/uploads\/2021\/02\/reporte-23-02-300x300.jpg 300w, https:\/\/www.revistarescatados.com.ar\/web\/wp-content\/uploads\/2021\/02\/reporte-23-02-150x150.jpg 150w, https:\/\/www.revistarescatados.com.ar\/web\/wp-content\/uploads\/2021\/02\/reporte-23-02-768x768.jpg 768w, https:\/\/www.revistarescatados.com.ar\/web\/wp-content\/uploads\/2021\/02\/reporte-23-02-80x80.jpg 80w, https:\/\/www.revistarescatados.com.ar\/web\/wp-content\/uploads\/2021\/02\/reporte-23-02-320x320.jpg 320w, https:\/\/www.revistarescatados.com.ar\/web\/wp-content\/uploads\/2021\/02\/reporte-23-02.jpg 1080w\" sizes=\"(max-width: 1024px) 100vw, 1024px\" \/><\/figure>\n","protected":false},"excerpt":{"rendered":"<p>El informe epidemiol\u00f3gico del 23 de febrero revel\u00f3 que ya son 400 los pacientes recuperados, pero tristemente suman 21 los fallecidos. Este domingo se conoci\u00f3 el deceso de un nuevo paciente internado&#46;&#46;&#46;<\/p>\n","protected":false},"author":1,"featured_media":11755,"comment_status":"closed","ping_status":"closed","sticky":false,"template":"","format":"standard","meta":[],"categories":[2,3,16,9],"tags":[],"_links":{"self":[{"href":"https:\/\/www.revistarescatados.com.ar\/web\/wp-json\/wp\/v2\/posts\/12906"}],"collection":[{"href":"https:\/\/www.revistarescatados.com.ar\/web\/wp-json\/wp\/v2\/posts"}],"about":[{"href":"https:\/\/www.revistarescatados.com.ar\/web\/wp-json\/wp\/v2\/types\/post"}],"author":[{"embeddable":true,"href":"https:\/\/www.revistarescatados.com.ar\/web\/wp-json\/wp\/v2\/users\/1"}],"replies":[{"embeddable":true,"href":"https:\/\/www.revistarescatados.com.ar\/web\/wp-json\/wp\/v2\/comments?post=12906"}],"version-history":[{"count":1,"href":"https:\/\/www.revistarescatados.com.ar\/web\/wp-json\/wp\/v2\/posts\/12906\/revisions"}],"predecessor-version":[{"id":12908,"href":"https:\/\/www.revistarescatados.com.ar\/web\/wp-json\/wp\/v2\/posts\/12906\/revisions\/12908"}],"wp:featuredmedia":[{"embeddable":true,"href":"https:\/\/www.revistarescatados.com.ar\/web\/wp-json\/wp\/v2\/media\/11755"}],"wp:attachment":[{"href":"https:\/\/www.revistarescatados.com.ar\/web\/wp-json\/wp\/v2\/media?parent=12906"}],"wp:term":[{"taxonomy":"category","embeddable":true,"href":"https:\/\/www.revistarescatados.com.ar\/web\/wp-json\/wp\/v2\/categories?post=12906"},{"taxonomy":"post_tag","embeddable":true,"href":"https:\/\/www.revistarescatados.com.ar\/web\/wp-json\/wp\/v2\/tags?post=12906"}],"curies":[{"name":"wp","href":"https:\/\/api.w.org\/{rel}","templated":true}]}}