{"id":12909,"date":"2021-02-24T00:11:10","date_gmt":"2021-02-24T03:11:10","guid":{"rendered":"http:\/\/www.revistarescatados.com.ar\/web\/?p=12909"},"modified":"2021-02-24T00:11:15","modified_gmt":"2021-02-24T03:11:15","slug":"llegan-800-vacunas-astrazeneca-al-hospital-de-vera","status":"publish","type":"post","link":"https:\/\/www.revistarescatados.com.ar\/web\/2021\/02\/24\/llegan-800-vacunas-astrazeneca-al-hospital-de-vera\/","title":{"rendered":"Llegan 800 vacunas AstraZeneca al Hospital de Vera"},"content":{"rendered":"\n<p><strong><span class=\"has-inline-color has-vivid-red-color\">Estar\u00e1n destinadas a residentes y personal de geri\u00e1tricos como al personal de salud p\u00fablico y privado del departamento Vera, incluidos bioqu\u00edmicos y odont\u00f3logos.<\/span><\/strong><\/p>\n\n\n\n<figure class=\"wp-block-image size-large\"><img loading=\"lazy\" width=\"880\" height=\"629\" src=\"http:\/\/www.revistarescatados.com.ar\/web\/wp-content\/uploads\/2021\/02\/comunicado-HV.jpg\" alt=\"\" class=\"wp-image-12910\" srcset=\"https:\/\/www.revistarescatados.com.ar\/web\/wp-content\/uploads\/2021\/02\/comunicado-HV.jpg 880w, https:\/\/www.revistarescatados.com.ar\/web\/wp-content\/uploads\/2021\/02\/comunicado-HV-300x214.jpg 300w, https:\/\/www.revistarescatados.com.ar\/web\/wp-content\/uploads\/2021\/02\/comunicado-HV-768x549.jpg 768w\" sizes=\"(max-width: 880px) 100vw, 880px\" \/><\/figure>\n","protected":false},"excerpt":{"rendered":"<p>Estar\u00e1n destinadas a residentes y personal de geri\u00e1tricos como al personal de salud p\u00fablico y privado del departamento Vera, incluidos bioqu\u00edmicos y odont\u00f3logos.<\/p>\n","protected":false},"author":1,"featured_media":12401,"comment_status":"closed","ping_status":"closed","sticky":false,"template":"","format":"standard","meta":[],"categories":[3,16,9],"tags":[],"_links":{"self":[{"href":"https:\/\/www.revistarescatados.com.ar\/web\/wp-json\/wp\/v2\/posts\/12909"}],"collection":[{"href":"https:\/\/www.revistarescatados.com.ar\/web\/wp-json\/wp\/v2\/posts"}],"about":[{"href":"https:\/\/www.revistarescatados.com.ar\/web\/wp-json\/wp\/v2\/types\/post"}],"author":[{"embeddable":true,"href":"https:\/\/www.revistarescatados.com.ar\/web\/wp-json\/wp\/v2\/users\/1"}],"replies":[{"embeddable":true,"href":"https:\/\/www.revistarescatados.com.ar\/web\/wp-json\/wp\/v2\/comments?post=12909"}],"version-history":[{"count":1,"href":"https:\/\/www.revistarescatados.com.ar\/web\/wp-json\/wp\/v2\/posts\/12909\/revisions"}],"predecessor-version":[{"id":12911,"href":"https:\/\/www.revistarescatados.com.ar\/web\/wp-json\/wp\/v2\/posts\/12909\/revisions\/12911"}],"wp:featuredmedia":[{"embeddable":true,"href":"https:\/\/www.revistarescatados.com.ar\/web\/wp-json\/wp\/v2\/media\/12401"}],"wp:attachment":[{"href":"https:\/\/www.revistarescatados.com.ar\/web\/wp-json\/wp\/v2\/media?parent=12909"}],"wp:term":[{"taxonomy":"category","embeddable":true,"href":"https:\/\/www.revistarescatados.com.ar\/web\/wp-json\/wp\/v2\/categories?post=12909"},{"taxonomy":"post_tag","embeddable":true,"href":"https:\/\/www.revistarescatados.com.ar\/web\/wp-json\/wp\/v2\/tags?post=12909"}],"curies":[{"name":"wp","href":"https:\/\/api.w.org\/{rel}","templated":true}]}}