{"id":12914,"date":"2021-02-24T23:06:51","date_gmt":"2021-02-25T02:06:51","guid":{"rendered":"http:\/\/www.revistarescatados.com.ar\/web\/?p=12914"},"modified":"2021-02-24T23:06:57","modified_gmt":"2021-02-25T02:06:57","slug":"vecino-de-calchaqui-fue-arrestado-por-gendarmeria-al-retirar-una-encomienda-en-vera","status":"publish","type":"post","link":"https:\/\/www.revistarescatados.com.ar\/web\/2021\/02\/24\/vecino-de-calchaqui-fue-arrestado-por-gendarmeria-al-retirar-una-encomienda-en-vera\/","title":{"rendered":"Vecino de Calchaqu\u00ed fue arrestado por Gendarmer\u00eda al retirar una encomienda en Vera"},"content":{"rendered":"\n<figure class=\"wp-block-image size-large\"><img loading=\"lazy\" width=\"1024\" height=\"576\" src=\"http:\/\/www.revistarescatados.com.ar\/web\/wp-content\/uploads\/2021\/02\/Procedimiento-Vera-1024x576.jpg\" alt=\"\" class=\"wp-image-12915\" srcset=\"https:\/\/www.revistarescatados.com.ar\/web\/wp-content\/uploads\/2021\/02\/Procedimiento-Vera-1024x576.jpg 1024w, https:\/\/www.revistarescatados.com.ar\/web\/wp-content\/uploads\/2021\/02\/Procedimiento-Vera-300x169.jpg 300w, https:\/\/www.revistarescatados.com.ar\/web\/wp-content\/uploads\/2021\/02\/Procedimiento-Vera-768x432.jpg 768w, https:\/\/www.revistarescatados.com.ar\/web\/wp-content\/uploads\/2021\/02\/Procedimiento-Vera-1536x864.jpg 1536w, https:\/\/www.revistarescatados.com.ar\/web\/wp-content\/uploads\/2021\/02\/Procedimiento-Vera.jpg 1632w\" sizes=\"(max-width: 1024px) 100vw, 1024px\" \/><\/figure>\n\n\n\n<p><strong><span class=\"has-inline-color has-vivid-red-color\">El hombre mayor de edad, quien ser\u00eda padre un detenido, fue capturado en la tarde de este mi\u00e9rcoles tras retirar el paquete de una empresa de transporte verense por personal de GNA con asiento en Reconquista.<\/span><\/strong><\/p>\n\n\n\n<p>En horas de la tarde de este mi\u00e9rcoles 24 de febrero , en la ciudad de Vera, efectivos de la Gendarmer\u00eda Nacional con asiento en Reconquista, realizaron un procedimiento en calle Rivadavia al 1471.<\/p>\n\n\n\n<p>En ese lugar donde funciona la oficina de una empresa de transporte de encomiendas, lleg\u00f3 un hombre adulto mayor con domicilio en la ciudad de Calchaqu\u00ed para retirar una encomienda.<\/p>\n\n\n\n<p>Tras ello, este masculino fue inmediatamente detenido por personal de dicha fuerza, que seg\u00fan trascendi\u00f3 ven\u00edan haciendo inteligencia en el caso que investigan, lo que se denomina entrega vigilada.<\/p>\n\n\n\n<p>Desde el lugar manifestaron que este hombre de Calchaqu\u00ed tiene un hijo detenido actualmente.<\/p>\n\n\n\n<p>Fuente: Gervacio Barbona \/ FM Vida Fort\u00edn Olmos<\/p>\n","protected":false},"excerpt":{"rendered":"<p>El hombre mayor de edad, quien ser\u00eda padre un detenido, fue capturado en la tarde de este mi\u00e9rcoles tras retirar el paquete de una empresa de transporte verense por personal de GNA&#46;&#46;&#46;<\/p>\n","protected":false},"author":1,"featured_media":12915,"comment_status":"closed","ping_status":"closed","sticky":false,"template":"","format":"standard","meta":[],"categories":[2,3,16,11],"tags":[],"_links":{"self":[{"href":"https:\/\/www.revistarescatados.com.ar\/web\/wp-json\/wp\/v2\/posts\/12914"}],"collection":[{"href":"https:\/\/www.revistarescatados.com.ar\/web\/wp-json\/wp\/v2\/posts"}],"about":[{"href":"https:\/\/www.revistarescatados.com.ar\/web\/wp-json\/wp\/v2\/types\/post"}],"author":[{"embeddable":true,"href":"https:\/\/www.revistarescatados.com.ar\/web\/wp-json\/wp\/v2\/users\/1"}],"replies":[{"embeddable":true,"href":"https:\/\/www.revistarescatados.com.ar\/web\/wp-json\/wp\/v2\/comments?post=12914"}],"version-history":[{"count":1,"href":"https:\/\/www.revistarescatados.com.ar\/web\/wp-json\/wp\/v2\/posts\/12914\/revisions"}],"predecessor-version":[{"id":12916,"href":"https:\/\/www.revistarescatados.com.ar\/web\/wp-json\/wp\/v2\/posts\/12914\/revisions\/12916"}],"wp:featuredmedia":[{"embeddable":true,"href":"https:\/\/www.revistarescatados.com.ar\/web\/wp-json\/wp\/v2\/media\/12915"}],"wp:attachment":[{"href":"https:\/\/www.revistarescatados.com.ar\/web\/wp-json\/wp\/v2\/media?parent=12914"}],"wp:term":[{"taxonomy":"category","embeddable":true,"href":"https:\/\/www.revistarescatados.com.ar\/web\/wp-json\/wp\/v2\/categories?post=12914"},{"taxonomy":"post_tag","embeddable":true,"href":"https:\/\/www.revistarescatados.com.ar\/web\/wp-json\/wp\/v2\/tags?post=12914"}],"curies":[{"name":"wp","href":"https:\/\/api.w.org\/{rel}","templated":true}]}}