{"id":12966,"date":"2021-02-26T23:35:29","date_gmt":"2021-02-27T02:35:29","guid":{"rendered":"http:\/\/www.revistarescatados.com.ar\/web\/?p=12966"},"modified":"2021-02-26T23:35:33","modified_gmt":"2021-02-27T02:35:33","slug":"una-familia-agradece-a-la-obstetra-de-calchaqui-su-labor-en-un-parto-complicado","status":"publish","type":"post","link":"https:\/\/www.revistarescatados.com.ar\/web\/2021\/02\/26\/una-familia-agradece-a-la-obstetra-de-calchaqui-su-labor-en-un-parto-complicado\/","title":{"rendered":"Una familia agradece a la obstetra de Calchaqu\u00ed su labor en un parto complicado"},"content":{"rendered":"\n<p><\/p>\n\n\n\n<figure class=\"wp-block-image size-large\"><img loading=\"lazy\" width=\"762\" height=\"477\" src=\"http:\/\/www.revistarescatados.com.ar\/web\/wp-content\/uploads\/2021\/02\/Bruno-y-Griselda.png\" alt=\"\" class=\"wp-image-12967\" srcset=\"https:\/\/www.revistarescatados.com.ar\/web\/wp-content\/uploads\/2021\/02\/Bruno-y-Griselda.png 762w, https:\/\/www.revistarescatados.com.ar\/web\/wp-content\/uploads\/2021\/02\/Bruno-y-Griselda-300x188.png 300w\" sizes=\"(max-width: 762px) 100vw, 762px\" \/><\/figure>\n\n\n\n<p><strong><span class=\"has-inline-color has-vivid-red-color\">El 17 de febrero lleg\u00f3 al mundo el peque\u00f1o Bruno Leonel con sus 4,100 kg. A pesar de algunas complicaciones en el alumbramiento pudo nacer por parto natural en el efector de Calchaqu\u00ed, \u201cgracias a la partera de turno Griselda Gaiga\u201d, valor\u00f3 su familia.<\/span><\/strong><\/p>\n\n\n\n<p>Seg\u00fan narr\u00f3 la abuela paterna, la joven mam\u00e1 Milagros lleg\u00f3 a la guardia del hospital \u201cRicardo Aldao\u201d con fuertes contracciones. El trabajo de parto\u00a0 ya estaba avanzado en este segundo alumbramiento. \u201cEl beb\u00e9 quer\u00eda nacer y ya no hab\u00eda tiempo para que la trasladen a Vera o Reconquista\u201d, rememor\u00f3 la abuela. <\/p>\n\n\n\n<p>\u201cTodos est\u00e1bamos muy nerviosos, ya que en Calchaqu\u00ed sabemos que son muy pocos los recursos. Es m\u00e1s, alguien que estaba esperando en la guardia me pregunt\u00f3: \u00bfQui\u00e9n la est\u00e1 atendiendo?. La partera, le respond\u00ed y me retruc\u00f3 \u00bfC\u00f3mo la partera, sino atiende partos ac\u00e1\u201d, record\u00f3.<\/p>\n\n\n\n<p>El peque\u00f1o gigante ya asomaba al mundo, pero aparecieron complicaciones. \u201cTen\u00eda el cord\u00f3n umbilical con una vuelta en cuello. No hab\u00eda tiempo para una ces\u00e1rea o lo que se necesite hacer en un momento as\u00ed. Sin embargo, Griselda lo resolvi\u00f3 y Bruno naci\u00f3 con sus 4 kilos 100 gramos\u201d, cont\u00f3 la abuela, due\u00f1a de una conocida pizzer\u00eda.<\/p>\n\n\n\n<p>\u201cToda mi familia le quiere agradecer p\u00fablicamente por su trabajo, para nosotros fue una bendici\u00f3n que ella este en ese momento y que hoy podamos tener a nuestro nietito sano y fuerte\u201d, valor\u00f3. <\/p>\n\n\n\n<p>Al tiempo que reclam\u00f3 \u201cc\u00f3mo puede ser que una ciudad como la nuestra, no tenga un quir\u00f3fano funcionando y que nuestras madres puedan dar a luz ac\u00e1. Sin dudas, es un gran problema hoy en d\u00eda tener que viajar a Vera o Reconquista para las parturientas como para quienes las queremos acompa\u00f1ar en ese hermoso momento de la vida, que es dar vida\u201d, finaliz\u00f3 la orgullosa abuela de Bruno Leonel.<\/p>\n","protected":false},"excerpt":{"rendered":"<p>El 17 de febrero lleg\u00f3 al mundo el peque\u00f1o Bruno Leonel con sus 4,100 kg. A pesar de algunas complicaciones en el alumbramiento pudo nacer por parto natural en el efector de&#46;&#46;&#46;<\/p>\n","protected":false},"author":1,"featured_media":12967,"comment_status":"closed","ping_status":"closed","sticky":false,"template":"","format":"standard","meta":[],"categories":[2,3,16,8],"tags":[],"_links":{"self":[{"href":"https:\/\/www.revistarescatados.com.ar\/web\/wp-json\/wp\/v2\/posts\/12966"}],"collection":[{"href":"https:\/\/www.revistarescatados.com.ar\/web\/wp-json\/wp\/v2\/posts"}],"about":[{"href":"https:\/\/www.revistarescatados.com.ar\/web\/wp-json\/wp\/v2\/types\/post"}],"author":[{"embeddable":true,"href":"https:\/\/www.revistarescatados.com.ar\/web\/wp-json\/wp\/v2\/users\/1"}],"replies":[{"embeddable":true,"href":"https:\/\/www.revistarescatados.com.ar\/web\/wp-json\/wp\/v2\/comments?post=12966"}],"version-history":[{"count":1,"href":"https:\/\/www.revistarescatados.com.ar\/web\/wp-json\/wp\/v2\/posts\/12966\/revisions"}],"predecessor-version":[{"id":12968,"href":"https:\/\/www.revistarescatados.com.ar\/web\/wp-json\/wp\/v2\/posts\/12966\/revisions\/12968"}],"wp:featuredmedia":[{"embeddable":true,"href":"https:\/\/www.revistarescatados.com.ar\/web\/wp-json\/wp\/v2\/media\/12967"}],"wp:attachment":[{"href":"https:\/\/www.revistarescatados.com.ar\/web\/wp-json\/wp\/v2\/media?parent=12966"}],"wp:term":[{"taxonomy":"category","embeddable":true,"href":"https:\/\/www.revistarescatados.com.ar\/web\/wp-json\/wp\/v2\/categories?post=12966"},{"taxonomy":"post_tag","embeddable":true,"href":"https:\/\/www.revistarescatados.com.ar\/web\/wp-json\/wp\/v2\/tags?post=12966"}],"curies":[{"name":"wp","href":"https:\/\/api.w.org\/{rel}","templated":true}]}}