{"id":1297,"date":"2018-07-24T01:21:17","date_gmt":"2018-07-24T04:21:17","guid":{"rendered":"http:\/\/www.revistarescatados.com.ar\/web\/?p=1297"},"modified":"2018-07-24T01:22:43","modified_gmt":"2018-07-24T04:22:43","slug":"trataron-un-proyecto-sobre-la-emergencia-vial-en-calchaqui","status":"publish","type":"post","link":"https:\/\/www.revistarescatados.com.ar\/web\/2018\/07\/24\/trataron-un-proyecto-sobre-la-emergencia-vial-en-calchaqui\/","title":{"rendered":"Trataron un proyecto sobre la \u201cemergencia vial\u201d en Calchaqu\u00ed"},"content":{"rendered":"<p><img loading=\"lazy\" class=\"aligncenter size-full wp-image-1298\" src=\"http:\/\/www.revistarescatados.com.ar\/web\/wp-content\/uploads\/2018\/07\/Estrellas-Amarillas-con-el-senador.jpg\" alt=\"\" width=\"960\" height=\"720\" srcset=\"https:\/\/www.revistarescatados.com.ar\/web\/wp-content\/uploads\/2018\/07\/Estrellas-Amarillas-con-el-senador.jpg 960w, https:\/\/www.revistarescatados.com.ar\/web\/wp-content\/uploads\/2018\/07\/Estrellas-Amarillas-con-el-senador-300x225.jpg 300w, https:\/\/www.revistarescatados.com.ar\/web\/wp-content\/uploads\/2018\/07\/Estrellas-Amarillas-con-el-senador-768x576.jpg 768w\" sizes=\"(max-width: 960px) 100vw, 960px\" \/><\/p>\n<p><span style=\"color: #0000ff;\"><strong>Integrantes del grupo Estrellas Amarillas se reunieron con autoridades pol\u00edticas de la ciudad y departamentales para charlar sobre el proyecto de resoluci\u00f3n de Emergencia Vial en el distrito Calchaqu\u00ed.<\/strong><\/span><\/p>\n<p>El encuentro tuvo lugar el pasado jueves 19 de julio en el recinto del concejo municipal. Particip\u00f3 el Senador Provincial por Vera Dr. Osvaldo Sosa, el Intendente Municipal Rub\u00e9n Cuello, el Pte del H. Concejo Dar\u00edo Aguirre y concejales, para charlar sobre el proyecto de Resoluci\u00f3n de Emergencia Vial en el distrito Calchaqu\u00ed, entre otros temas relacionados a la prevenci\u00f3n vial local.<\/p>\n<p>\u201cAgradecemos la atenci\u00f3n y disponibilidad de las autoridades, quienes se suman a esta campa\u00f1a y le dicen &#8220;SI a la vida&#8221;, indicaron desde Estrellas Amarillas.<\/p>\n<p>\u201cDe vos depende no sumar una estrella m\u00e1s al cielo, con este lema nos identificamos como fundaci\u00f3n, pero es responsabilidad de todos tomar los recaudos necesarios y circular respetando las normas de tr\u00e1nsito, incluidas las velocidades m\u00e1ximas y m\u00ednimas permitidas. El exceso de velocidad es una de las principales causas de muerte en el tr\u00e1nsito. \u00a1Disminuir la velocidad salva vidas!\u201d, agregaron.<\/p>\n","protected":false},"excerpt":{"rendered":"<p>Integrantes del grupo Estrellas Amarillas se reunieron con autoridades pol\u00edticas de la ciudad y departamentales para charlar sobre el proyecto de resoluci\u00f3n de Emergencia Vial en el distrito Calchaqu\u00ed. El encuentro tuvo&#46;&#46;&#46;<\/p>\n","protected":false},"author":1,"featured_media":1298,"comment_status":"closed","ping_status":"open","sticky":false,"template":"","format":"standard","meta":[],"categories":[2,3,8],"tags":[],"_links":{"self":[{"href":"https:\/\/www.revistarescatados.com.ar\/web\/wp-json\/wp\/v2\/posts\/1297"}],"collection":[{"href":"https:\/\/www.revistarescatados.com.ar\/web\/wp-json\/wp\/v2\/posts"}],"about":[{"href":"https:\/\/www.revistarescatados.com.ar\/web\/wp-json\/wp\/v2\/types\/post"}],"author":[{"embeddable":true,"href":"https:\/\/www.revistarescatados.com.ar\/web\/wp-json\/wp\/v2\/users\/1"}],"replies":[{"embeddable":true,"href":"https:\/\/www.revistarescatados.com.ar\/web\/wp-json\/wp\/v2\/comments?post=1297"}],"version-history":[{"count":2,"href":"https:\/\/www.revistarescatados.com.ar\/web\/wp-json\/wp\/v2\/posts\/1297\/revisions"}],"predecessor-version":[{"id":1300,"href":"https:\/\/www.revistarescatados.com.ar\/web\/wp-json\/wp\/v2\/posts\/1297\/revisions\/1300"}],"wp:featuredmedia":[{"embeddable":true,"href":"https:\/\/www.revistarescatados.com.ar\/web\/wp-json\/wp\/v2\/media\/1298"}],"wp:attachment":[{"href":"https:\/\/www.revistarescatados.com.ar\/web\/wp-json\/wp\/v2\/media?parent=1297"}],"wp:term":[{"taxonomy":"category","embeddable":true,"href":"https:\/\/www.revistarescatados.com.ar\/web\/wp-json\/wp\/v2\/categories?post=1297"},{"taxonomy":"post_tag","embeddable":true,"href":"https:\/\/www.revistarescatados.com.ar\/web\/wp-json\/wp\/v2\/tags?post=1297"}],"curies":[{"name":"wp","href":"https:\/\/api.w.org\/{rel}","templated":true}]}}