{"id":12972,"date":"2021-02-27T00:19:50","date_gmt":"2021-02-27T03:19:50","guid":{"rendered":"http:\/\/www.revistarescatados.com.ar\/web\/?p=12972"},"modified":"2021-02-27T00:19:55","modified_gmt":"2021-02-27T03:19:55","slug":"egresados-del-cau-calchaqui-recibieron-sus-titulos","status":"publish","type":"post","link":"https:\/\/www.revistarescatados.com.ar\/web\/2021\/02\/27\/egresados-del-cau-calchaqui-recibieron-sus-titulos\/","title":{"rendered":"Egresados del CAU Calchaqu\u00ed recibieron sus t\u00edtulos"},"content":{"rendered":"\n<figure class=\"wp-block-image size-large\"><img loading=\"lazy\" width=\"1024\" height=\"461\" src=\"http:\/\/www.revistarescatados.com.ar\/web\/wp-content\/uploads\/2021\/02\/egresados-CAU-1024x461.png\" alt=\"\" class=\"wp-image-12973\" srcset=\"https:\/\/www.revistarescatados.com.ar\/web\/wp-content\/uploads\/2021\/02\/egresados-CAU-1024x461.png 1024w, https:\/\/www.revistarescatados.com.ar\/web\/wp-content\/uploads\/2021\/02\/egresados-CAU-300x135.png 300w, https:\/\/www.revistarescatados.com.ar\/web\/wp-content\/uploads\/2021\/02\/egresados-CAU-768x346.png 768w, https:\/\/www.revistarescatados.com.ar\/web\/wp-content\/uploads\/2021\/02\/egresados-CAU.png 1073w\" sizes=\"(max-width: 1024px) 100vw, 1024px\" \/><\/figure>\n\n\n\n<p><strong><span class=\"has-inline-color has-vivid-red-color\">El Equipo del CAU Calchaqu\u00ed felicit\u00f3 a Marcelo Moore y David Dayer de Calchaqu\u00ed, Ram\u00f3n Gonz\u00e1lez de La Gallareta y Cristian Quagliaro  de San Javier por recibir sus t\u00edtulos habilitantes al haber finalizado con \u00e9xitos sus carreras a distancia en la Universidad Siglo 21.<\/span><\/strong><\/p>\n\n\n\n<p>Mediante las redes sociales, el Equipo del CAU Calchaqu\u00ed- junto al Gobierno de la Ciudad de Calchaqu\u00ed, felicit\u00f3 al egresado Marcelo Moore por recibir su t\u00edtulo en martillero, corredor p\u00fablico e Inmobiliario de la Universidad Siglo 21.<\/p>\n\n\n\n<p><br>Asimismo se congratul\u00f3 al egresado David Dayer en martillero, corredor p\u00fablico e inmobiliario de la Universidad Siglo 21  por recibir su t\u00edtulo. &#8220;Es tiempo de celebrar tus esfuerzos y logros. Adelante&#8221;, expresaron.<\/p>\n\n\n\n<p><br>Finalmente, el equipo integrado por Prof. \u00c1ngeles Gonz\u00e1lez y Tec. Malvina Kiferling hizo entrega de t\u00edtulos a los flamantes egresados de la tecnicatura en martillero, corredor P\u00fablico e inmobiliario Ram\u00f3n Gonz\u00e1lez de la localidad de La Gallareta y de la tecnicatura en investigaci\u00f3n de la Escena del Crimen Cristian Quagliaro de la Ciudad de San Javier; ambas carreras de la Universidad Siglo 21.  &#8220;Ahora tienen la llave que les abrir\u00e1 muchas puertas al \u00e9xito profesional. Adelante&#8221;, les desearon.<\/p>\n","protected":false},"excerpt":{"rendered":"<p>El Equipo del CAU Calchaqu\u00ed felicit\u00f3 a Marcelo Moore y David Dayer de Calchaqu\u00ed, Ram\u00f3n Gonz\u00e1lez de La Gallareta y Cristian Quagliaro de San Javier por recibir sus t\u00edtulos habilitantes al haber&#46;&#46;&#46;<\/p>\n","protected":false},"author":1,"featured_media":12973,"comment_status":"closed","ping_status":"closed","sticky":false,"template":"","format":"standard","meta":[],"categories":[2,3,16,15,8],"tags":[],"_links":{"self":[{"href":"https:\/\/www.revistarescatados.com.ar\/web\/wp-json\/wp\/v2\/posts\/12972"}],"collection":[{"href":"https:\/\/www.revistarescatados.com.ar\/web\/wp-json\/wp\/v2\/posts"}],"about":[{"href":"https:\/\/www.revistarescatados.com.ar\/web\/wp-json\/wp\/v2\/types\/post"}],"author":[{"embeddable":true,"href":"https:\/\/www.revistarescatados.com.ar\/web\/wp-json\/wp\/v2\/users\/1"}],"replies":[{"embeddable":true,"href":"https:\/\/www.revistarescatados.com.ar\/web\/wp-json\/wp\/v2\/comments?post=12972"}],"version-history":[{"count":1,"href":"https:\/\/www.revistarescatados.com.ar\/web\/wp-json\/wp\/v2\/posts\/12972\/revisions"}],"predecessor-version":[{"id":12974,"href":"https:\/\/www.revistarescatados.com.ar\/web\/wp-json\/wp\/v2\/posts\/12972\/revisions\/12974"}],"wp:featuredmedia":[{"embeddable":true,"href":"https:\/\/www.revistarescatados.com.ar\/web\/wp-json\/wp\/v2\/media\/12973"}],"wp:attachment":[{"href":"https:\/\/www.revistarescatados.com.ar\/web\/wp-json\/wp\/v2\/media?parent=12972"}],"wp:term":[{"taxonomy":"category","embeddable":true,"href":"https:\/\/www.revistarescatados.com.ar\/web\/wp-json\/wp\/v2\/categories?post=12972"},{"taxonomy":"post_tag","embeddable":true,"href":"https:\/\/www.revistarescatados.com.ar\/web\/wp-json\/wp\/v2\/tags?post=12972"}],"curies":[{"name":"wp","href":"https:\/\/api.w.org\/{rel}","templated":true}]}}