{"id":13072,"date":"2021-03-11T00:44:56","date_gmt":"2021-03-11T03:44:56","guid":{"rendered":"http:\/\/www.revistarescatados.com.ar\/web\/?p=13072"},"modified":"2021-03-11T00:45:01","modified_gmt":"2021-03-11T03:45:01","slug":"los-trabajadores-de-la-estacion-ypf-de-calchaqui-siguen-sin-cobrar-sus-sueldos","status":"publish","type":"post","link":"https:\/\/www.revistarescatados.com.ar\/web\/2021\/03\/11\/los-trabajadores-de-la-estacion-ypf-de-calchaqui-siguen-sin-cobrar-sus-sueldos\/","title":{"rendered":"Los trabajadores de la estaci\u00f3n YPF de Calchaqu\u00ed siguen sin cobrar sus sueldos"},"content":{"rendered":"\n<p><\/p>\n\n\n\n<figure class=\"wp-block-image size-large\"><img loading=\"lazy\" width=\"700\" height=\"429\" src=\"http:\/\/www.revistarescatados.com.ar\/web\/wp-content\/uploads\/2021\/03\/YPF-carteles.jpg\" alt=\"\" class=\"wp-image-13074\" srcset=\"https:\/\/www.revistarescatados.com.ar\/web\/wp-content\/uploads\/2021\/03\/YPF-carteles.jpg 700w, https:\/\/www.revistarescatados.com.ar\/web\/wp-content\/uploads\/2021\/03\/YPF-carteles-300x184.jpg 300w\" sizes=\"(max-width: 700px) 100vw, 700px\" \/><\/figure>\n\n\n\n<p><strong><span class=\"has-inline-color has-vivid-red-color\">A pesar que hubo reuniones con la secretar\u00eda de trabajo y el gremio que los nuclea, la patronal &#8220;pone trabas a la negociaciones&#8221; para reanudar el abastecimiento de combustibles y el mantenimiento de la fuente laboral de 9 familias.<\/span><\/strong><\/p>\n\n\n\n<p>Los 9 trabajadores de la estaci\u00f3n YPF de la empresa Petronor SRL contin\u00faan sin recibir sus sueldos hace 8 meses y no venden combustibles desde principios de este a\u00f1o. <\/p>\n\n\n\n<figure class=\"wp-block-image size-large\"><img loading=\"lazy\" width=\"1024\" height=\"576\" src=\"http:\/\/www.revistarescatados.com.ar\/web\/wp-content\/uploads\/2021\/03\/YPF-Reunion-con-sindicato-1024x576.jpg\" alt=\"\" class=\"wp-image-13073\" srcset=\"https:\/\/www.revistarescatados.com.ar\/web\/wp-content\/uploads\/2021\/03\/YPF-Reunion-con-sindicato-1024x576.jpg 1024w, https:\/\/www.revistarescatados.com.ar\/web\/wp-content\/uploads\/2021\/03\/YPF-Reunion-con-sindicato-300x169.jpg 300w, https:\/\/www.revistarescatados.com.ar\/web\/wp-content\/uploads\/2021\/03\/YPF-Reunion-con-sindicato-768x432.jpg 768w, https:\/\/www.revistarescatados.com.ar\/web\/wp-content\/uploads\/2021\/03\/YPF-Reunion-con-sindicato.jpg 1032w\" sizes=\"(max-width: 1024px) 100vw, 1024px\" \/><\/figure>\n\n\n\n<p>D\u00edas pasados se reunieron con el secretario general del sindicato Ismael Marc\u00f3n quien inform\u00f3 de la situaci\u00f3n real que atraviesa la empresa y los pasos a seguir. <\/p>\n\n\n\n<p>&#8220;Esta semana se reflotaron las reuniones con YPF, los socios, el sindicato, pero se complic\u00f3 todo. Los socios no ponen voluntad y mientras tanto nosotros seguimos igual&#8221;, indic\u00f3 Marcos Kieferling, uno de los empleados damnificados.<\/p>\n\n\n\n<p>&#8220;Al parecer, YPF quiere entregar combustible siempre y cuando alguien se haga cargo, el sindicato pone si tambi\u00e9n le dan garant\u00edas, pero los socios no quieren poner nada en garant\u00eda. Entonces ah\u00ed se traba toda la negociaci\u00f3n. Pero nosotros estamos sin nada, seguimos sin cobrar, pasan los d\u00edas y pasan los meses tambi\u00e9n&#8221;, se\u00f1al\u00f3. <\/p>\n","protected":false},"excerpt":{"rendered":"<p>A pesar que hubo reuniones con la secretar\u00eda de trabajo y el gremio que los nuclea, la patronal &#8220;pone trabas a la negociaciones&#8221; para reanudar el abastecimiento de combustibles y el mantenimiento&#46;&#46;&#46;<\/p>\n","protected":false},"author":1,"featured_media":13073,"comment_status":"closed","ping_status":"closed","sticky":false,"template":"","format":"standard","meta":[],"categories":[2,3,16,8],"tags":[],"_links":{"self":[{"href":"https:\/\/www.revistarescatados.com.ar\/web\/wp-json\/wp\/v2\/posts\/13072"}],"collection":[{"href":"https:\/\/www.revistarescatados.com.ar\/web\/wp-json\/wp\/v2\/posts"}],"about":[{"href":"https:\/\/www.revistarescatados.com.ar\/web\/wp-json\/wp\/v2\/types\/post"}],"author":[{"embeddable":true,"href":"https:\/\/www.revistarescatados.com.ar\/web\/wp-json\/wp\/v2\/users\/1"}],"replies":[{"embeddable":true,"href":"https:\/\/www.revistarescatados.com.ar\/web\/wp-json\/wp\/v2\/comments?post=13072"}],"version-history":[{"count":1,"href":"https:\/\/www.revistarescatados.com.ar\/web\/wp-json\/wp\/v2\/posts\/13072\/revisions"}],"predecessor-version":[{"id":13075,"href":"https:\/\/www.revistarescatados.com.ar\/web\/wp-json\/wp\/v2\/posts\/13072\/revisions\/13075"}],"wp:featuredmedia":[{"embeddable":true,"href":"https:\/\/www.revistarescatados.com.ar\/web\/wp-json\/wp\/v2\/media\/13073"}],"wp:attachment":[{"href":"https:\/\/www.revistarescatados.com.ar\/web\/wp-json\/wp\/v2\/media?parent=13072"}],"wp:term":[{"taxonomy":"category","embeddable":true,"href":"https:\/\/www.revistarescatados.com.ar\/web\/wp-json\/wp\/v2\/categories?post=13072"},{"taxonomy":"post_tag","embeddable":true,"href":"https:\/\/www.revistarescatados.com.ar\/web\/wp-json\/wp\/v2\/tags?post=13072"}],"curies":[{"name":"wp","href":"https:\/\/api.w.org\/{rel}","templated":true}]}}