{"id":1309,"date":"2018-07-25T13:54:31","date_gmt":"2018-07-25T16:54:31","guid":{"rendered":"http:\/\/www.revistarescatados.com.ar\/web\/?p=1309"},"modified":"2018-07-25T13:54:31","modified_gmt":"2018-07-25T16:54:31","slug":"organizan-un-taller-sobre-proteccion-de-datos-y-ciberseguridad-en-calchaqui","status":"publish","type":"post","link":"https:\/\/www.revistarescatados.com.ar\/web\/2018\/07\/25\/organizan-un-taller-sobre-proteccion-de-datos-y-ciberseguridad-en-calchaqui\/","title":{"rendered":"Organizan un taller sobre protecci\u00f3n de datos y ciberseguridad en Calchaqu\u00ed"},"content":{"rendered":"<p>&nbsp;<\/p>\n<p><img loading=\"lazy\" class=\"aligncenter size-full wp-image-1311\" src=\"http:\/\/www.revistarescatados.com.ar\/web\/wp-content\/uploads\/2018\/07\/Comedor-Rayito-de-Luz.jpg\" alt=\"\" width=\"960\" height=\"540\" srcset=\"https:\/\/www.revistarescatados.com.ar\/web\/wp-content\/uploads\/2018\/07\/Comedor-Rayito-de-Luz.jpg 960w, https:\/\/www.revistarescatados.com.ar\/web\/wp-content\/uploads\/2018\/07\/Comedor-Rayito-de-Luz-300x169.jpg 300w, https:\/\/www.revistarescatados.com.ar\/web\/wp-content\/uploads\/2018\/07\/Comedor-Rayito-de-Luz-768x432.jpg 768w\" sizes=\"(max-width: 960px) 100vw, 960px\" \/><\/p>\n<p><span style=\"color: #0000ff;\"><strong>Se realizar\u00e1 el pr\u00f3ximo 21 de agosto a las 14 horas en el sal\u00f3n de la Sociedad Rural de Calchaqu\u00ed. El costo de inscripci\u00f3n ser\u00e1 un alimento no perecedero a beneficio del comedor comunitario Rayito de Luz de B\u00ba San Cayetano.<\/strong><\/span><\/p>\n<p>La Cooperativa Agr\u00edcola de Margarita invita a toda la comunidad a participar del Taller de taller sobre protecci\u00f3n de datos y ciberseguridad. El objetivo del encuentro es que conozcas c\u00f3mo proteger tus datos en el mundo de la tecnolog\u00eda.<\/p>\n<p>Para inscribirse hay tiempo hasta el 18 de agosto y su costo solo ser\u00e1 un alimento no perecedero que ser\u00e1 destinado al Rayito de Luz, el comedor comunitario que funciona durante los fines de semana en el barrio San Cayetano.<\/p>\n<p><img loading=\"lazy\" class=\"aligncenter size-full wp-image-1310\" src=\"http:\/\/www.revistarescatados.com.ar\/web\/wp-content\/uploads\/2018\/07\/ciberseguridad.jpg\" alt=\"\" width=\"960\" height=\"580\" srcset=\"https:\/\/www.revistarescatados.com.ar\/web\/wp-content\/uploads\/2018\/07\/ciberseguridad.jpg 960w, https:\/\/www.revistarescatados.com.ar\/web\/wp-content\/uploads\/2018\/07\/ciberseguridad-300x181.jpg 300w, https:\/\/www.revistarescatados.com.ar\/web\/wp-content\/uploads\/2018\/07\/ciberseguridad-768x464.jpg 768w\" sizes=\"(max-width: 960px) 100vw, 960px\" \/><\/p>\n","protected":false},"excerpt":{"rendered":"<p>&nbsp; Se realizar\u00e1 el pr\u00f3ximo 21 de agosto a las 14 horas en el sal\u00f3n de la Sociedad Rural de Calchaqu\u00ed. El costo de inscripci\u00f3n ser\u00e1 un alimento no perecedero a beneficio&#46;&#46;&#46;<\/p>\n","protected":false},"author":1,"featured_media":1311,"comment_status":"closed","ping_status":"open","sticky":false,"template":"","format":"standard","meta":[],"categories":[2,3,16,8],"tags":[],"_links":{"self":[{"href":"https:\/\/www.revistarescatados.com.ar\/web\/wp-json\/wp\/v2\/posts\/1309"}],"collection":[{"href":"https:\/\/www.revistarescatados.com.ar\/web\/wp-json\/wp\/v2\/posts"}],"about":[{"href":"https:\/\/www.revistarescatados.com.ar\/web\/wp-json\/wp\/v2\/types\/post"}],"author":[{"embeddable":true,"href":"https:\/\/www.revistarescatados.com.ar\/web\/wp-json\/wp\/v2\/users\/1"}],"replies":[{"embeddable":true,"href":"https:\/\/www.revistarescatados.com.ar\/web\/wp-json\/wp\/v2\/comments?post=1309"}],"version-history":[{"count":1,"href":"https:\/\/www.revistarescatados.com.ar\/web\/wp-json\/wp\/v2\/posts\/1309\/revisions"}],"predecessor-version":[{"id":1312,"href":"https:\/\/www.revistarescatados.com.ar\/web\/wp-json\/wp\/v2\/posts\/1309\/revisions\/1312"}],"wp:featuredmedia":[{"embeddable":true,"href":"https:\/\/www.revistarescatados.com.ar\/web\/wp-json\/wp\/v2\/media\/1311"}],"wp:attachment":[{"href":"https:\/\/www.revistarescatados.com.ar\/web\/wp-json\/wp\/v2\/media?parent=1309"}],"wp:term":[{"taxonomy":"category","embeddable":true,"href":"https:\/\/www.revistarescatados.com.ar\/web\/wp-json\/wp\/v2\/categories?post=1309"},{"taxonomy":"post_tag","embeddable":true,"href":"https:\/\/www.revistarescatados.com.ar\/web\/wp-json\/wp\/v2\/tags?post=1309"}],"curies":[{"name":"wp","href":"https:\/\/api.w.org\/{rel}","templated":true}]}}