{"id":13202,"date":"2021-03-20T00:05:55","date_gmt":"2021-03-20T03:05:55","guid":{"rendered":"http:\/\/www.revistarescatados.com.ar\/web\/?p=13202"},"modified":"2021-03-20T00:06:00","modified_gmt":"2021-03-20T03:06:00","slug":"una-nina-dono-sus-obras-de-arte-a-la-comisaria-de-calchaqui","status":"publish","type":"post","link":"https:\/\/www.revistarescatados.com.ar\/web\/2021\/03\/20\/una-nina-dono-sus-obras-de-arte-a-la-comisaria-de-calchaqui\/","title":{"rendered":"Una ni\u00f1a don\u00f3 sus obras de arte a la comisar\u00eda de Calchaqu\u00ed"},"content":{"rendered":"\n<figure class=\"wp-block-image size-large\"><img loading=\"lazy\" width=\"1024\" height=\"451\" src=\"http:\/\/www.revistarescatados.com.ar\/web\/wp-content\/uploads\/2021\/03\/cuadros-1024x451.png\" alt=\"\" class=\"wp-image-13203\" srcset=\"https:\/\/www.revistarescatados.com.ar\/web\/wp-content\/uploads\/2021\/03\/cuadros-1024x451.png 1024w, https:\/\/www.revistarescatados.com.ar\/web\/wp-content\/uploads\/2021\/03\/cuadros-300x132.png 300w, https:\/\/www.revistarescatados.com.ar\/web\/wp-content\/uploads\/2021\/03\/cuadros-768x338.png 768w, https:\/\/www.revistarescatados.com.ar\/web\/wp-content\/uploads\/2021\/03\/cuadros.png 1059w\" sizes=\"(max-width: 1024px) 100vw, 1024px\" \/><\/figure>\n\n\n\n<p><strong><span class=\"has-inline-color has-vivid-red-color\">El comisario C\u00e9sar Bodnar agradeci\u00f3 a la peque\u00f1a gran artista pl\u00e1stica  de tan solo 9 a\u00f1os oriunda de La Gallareta que regal\u00f3 sus cuadros a la dependencia policial y fueron colgados en el hall de recepci\u00f3n y guardia.<\/span><\/strong><\/p>\n\n\n\n<figure class=\"wp-block-image size-large\"><img loading=\"lazy\" width=\"720\" height=\"552\" src=\"http:\/\/www.revistarescatados.com.ar\/web\/wp-content\/uploads\/2021\/03\/Elois-Vargas.jpg\" alt=\"\" class=\"wp-image-13204\" srcset=\"https:\/\/www.revistarescatados.com.ar\/web\/wp-content\/uploads\/2021\/03\/Elois-Vargas.jpg 720w, https:\/\/www.revistarescatados.com.ar\/web\/wp-content\/uploads\/2021\/03\/Elois-Vargas-300x230.jpg 300w\" sizes=\"(max-width: 720px) 100vw, 720px\" \/><\/figure>\n\n\n\n<p>&#8220;Elois Vargas de 9 a\u00f1os de edad, de la Gallareta nos don\u00f3 para la Comisaria estos cuadros. Hoy los colocamos y quer\u00edamos hacerle llegar nuestros agradecimientos&#8221;, se\u00f1al\u00f3 el jefe de la Comisaria II C\u00e9sar Bodnar.<\/p>\n\n\n\n<p><\/p>\n\n\n\n<figure class=\"wp-block-image size-large\"><img loading=\"lazy\" width=\"768\" height=\"1024\" src=\"http:\/\/www.revistarescatados.com.ar\/web\/wp-content\/uploads\/2021\/03\/Elois-Vargas1-768x1024.jpg\" alt=\"\" class=\"wp-image-13205\" srcset=\"https:\/\/www.revistarescatados.com.ar\/web\/wp-content\/uploads\/2021\/03\/Elois-Vargas1-768x1024.jpg 768w, https:\/\/www.revistarescatados.com.ar\/web\/wp-content\/uploads\/2021\/03\/Elois-Vargas1-225x300.jpg 225w, https:\/\/www.revistarescatados.com.ar\/web\/wp-content\/uploads\/2021\/03\/Elois-Vargas1.jpg 780w\" sizes=\"(max-width: 768px) 100vw, 768px\" \/><\/figure>\n","protected":false},"excerpt":{"rendered":"<p>El comisario C\u00e9sar Bodnar agradeci\u00f3 a la peque\u00f1a gran artista pl\u00e1stica de tan solo 9 a\u00f1os oriunda de La Gallareta que regal\u00f3 sus cuadros a la dependencia policial y fueron colgados en&#46;&#46;&#46;<\/p>\n","protected":false},"author":1,"featured_media":13203,"comment_status":"closed","ping_status":"closed","sticky":false,"template":"","format":"standard","meta":[],"categories":[2,3,16,8],"tags":[],"_links":{"self":[{"href":"https:\/\/www.revistarescatados.com.ar\/web\/wp-json\/wp\/v2\/posts\/13202"}],"collection":[{"href":"https:\/\/www.revistarescatados.com.ar\/web\/wp-json\/wp\/v2\/posts"}],"about":[{"href":"https:\/\/www.revistarescatados.com.ar\/web\/wp-json\/wp\/v2\/types\/post"}],"author":[{"embeddable":true,"href":"https:\/\/www.revistarescatados.com.ar\/web\/wp-json\/wp\/v2\/users\/1"}],"replies":[{"embeddable":true,"href":"https:\/\/www.revistarescatados.com.ar\/web\/wp-json\/wp\/v2\/comments?post=13202"}],"version-history":[{"count":1,"href":"https:\/\/www.revistarescatados.com.ar\/web\/wp-json\/wp\/v2\/posts\/13202\/revisions"}],"predecessor-version":[{"id":13206,"href":"https:\/\/www.revistarescatados.com.ar\/web\/wp-json\/wp\/v2\/posts\/13202\/revisions\/13206"}],"wp:featuredmedia":[{"embeddable":true,"href":"https:\/\/www.revistarescatados.com.ar\/web\/wp-json\/wp\/v2\/media\/13203"}],"wp:attachment":[{"href":"https:\/\/www.revistarescatados.com.ar\/web\/wp-json\/wp\/v2\/media?parent=13202"}],"wp:term":[{"taxonomy":"category","embeddable":true,"href":"https:\/\/www.revistarescatados.com.ar\/web\/wp-json\/wp\/v2\/categories?post=13202"},{"taxonomy":"post_tag","embeddable":true,"href":"https:\/\/www.revistarescatados.com.ar\/web\/wp-json\/wp\/v2\/tags?post=13202"}],"curies":[{"name":"wp","href":"https:\/\/api.w.org\/{rel}","templated":true}]}}