{"id":13222,"date":"2021-03-23T00:04:31","date_gmt":"2021-03-23T03:04:31","guid":{"rendered":"http:\/\/www.revistarescatados.com.ar\/web\/?p=13222"},"modified":"2021-03-23T00:04:36","modified_gmt":"2021-03-23T03:04:36","slug":"horarios-de-actividades-en-el-club-belgrano-de-gobernador-crespo","status":"publish","type":"post","link":"https:\/\/www.revistarescatados.com.ar\/web\/2021\/03\/23\/horarios-de-actividades-en-el-club-belgrano-de-gobernador-crespo\/","title":{"rendered":"Horarios de actividades en el Club Belgrano de Gobernador Crespo"},"content":{"rendered":"\n<figure class=\"wp-block-image size-large\"><img loading=\"lazy\" width=\"934\" height=\"768\" src=\"http:\/\/www.revistarescatados.com.ar\/web\/wp-content\/uploads\/2021\/03\/HORARIOS.jpg\" alt=\"\" class=\"wp-image-13223\" srcset=\"https:\/\/www.revistarescatados.com.ar\/web\/wp-content\/uploads\/2021\/03\/HORARIOS.jpg 934w, https:\/\/www.revistarescatados.com.ar\/web\/wp-content\/uploads\/2021\/03\/HORARIOS-300x247.jpg 300w, https:\/\/www.revistarescatados.com.ar\/web\/wp-content\/uploads\/2021\/03\/HORARIOS-768x632.jpg 768w\" sizes=\"(max-width: 934px) 100vw, 934px\" \/><\/figure>\n\n\n\n<p><strong><span class=\"has-inline-color has-vivid-red-color\">D\u00eda por d\u00eda, la instituci\u00f3n crespense informa sobre las pr\u00e1cticas de las distintas disciplinas deportivas que se realizan, ya sea en b\u00e1squet, tenis de mesa, f\u00fatbol, patin, voley, padel y muchas otras.<\/span><\/strong><\/p>\n\n\n\n<p><strong>LUNES:<\/strong><\/p>\n\n\n\n<p>8 a 12 Aula Abierta<\/p>\n\n\n\n<p>14 15 Tenis<\/p>\n\n\n\n<p>15 a 16 Iniciaci\u00f3n Deportiva Ni\u00f1as 1\u00b0, 2\u00b0 y 3\u00b0 grado<\/p>\n\n\n\n<p>16 a 17 Pre Mini Basquet &nbsp;3\u00b0 y 4\u00b0 grado<\/p>\n\n\n\n<p>16:30 a 18 Pre Mini Voley Ni\u00f1as 4\u00b0 y 5\u00b0 grado<\/p>\n\n\n\n<p>17 a 18 Basquet (mosquitos) 1\u00b0 y 2\u00b0 grado<\/p>\n\n\n\n<p>18 a 19:30 Mini B\u00e1squet (U13) 5\u00b0 y 6\u00b0 grado<\/p>\n\n\n\n<p>18 a 20 Tenis de Mesa.<\/p>\n\n\n\n<p><strong>MARTES<\/strong><\/p>\n\n\n\n<p>8 A 12 Aula Abierta<\/p>\n\n\n\n<p>14 a 15 Tenis<\/p>\n\n\n\n<p>15 a 16 F\u00fatbol 2014\/15<\/p>\n\n\n\n<p>16 en adelante: Pat\u00edn (Prof. Alejandra Moreyra)<\/p>\n\n\n\n<p>16 a 17 Jard\u00edn Deportivo 3-4 y 4-5 a\u00f1os<\/p>\n\n\n\n<p>17 a 18 F\u00fatbol 2012\/13<\/p>\n\n\n\n<p>19 a 20:30 Tenis Mayores<\/p>\n\n\n\n<p>18 a 20 Club de Corredores Incarios (13 a\u00f1os en adelante)<\/p>\n\n\n\n<p>20 a 21:30 Voley Femenino (Sub 16)&nbsp;<\/p>\n\n\n\n<p><strong>MI\u00c9RCOLES<\/strong><\/p>\n\n\n\n<p>8 A 12 Aula Abierta<\/p>\n\n\n\n<p>14 a 15 Tenis<\/p>\n\n\n\n<p>15 a 16 Iniciaci\u00f3n Deportiva Ni\u00f1as 1\u00b0, 2\u00b0 y 3\u00b0 grado<\/p>\n\n\n\n<p>16 a 17 Pre Mini Basquet&nbsp; 3\u00b0 y 4\u00b0 grado<\/p>\n\n\n\n<p>16:30 a 18 Pre Mini Voley Ni\u00f1as 4\u00b0 y 5\u00b0 grado<\/p>\n\n\n\n<p>17 a 18 Basquet (mosquitos) 1\u00b0 y 2\u00b0 grado<\/p>\n\n\n\n<p>18 a 19:30 Mini B\u00e1squet (U13) 5\u00b0 y 6\u00b0 grado<\/p>\n\n\n\n<p>18 a 20 Tenis de Mesa.<\/p>\n\n\n\n<p><strong>JUEVES<\/strong><\/p>\n\n\n\n<p>8 A 12 Aula Abierta<\/p>\n\n\n\n<p>14 a 15 Tenis<\/p>\n\n\n\n<p>15 a 16 F\u00fatbol 2014\/15<\/p>\n\n\n\n<p>16 en adelante: Pat\u00edn (Prof. Alejandra Moreyra)<\/p>\n\n\n\n<p>16 a 17 Jard\u00edn Deportivo 3-4 y 4-5 a\u00f1os<\/p>\n\n\n\n<p>17 a 18 F\u00fatbol 2012\/13<\/p>\n\n\n\n<p>17 a 18 Escuela de Padel (Profe Walter Luna)<\/p>\n\n\n\n<p>19 a 20:30 Tenis Mayores<\/p>\n\n\n\n<p>18 a 20 Club de Corredores Incarios (13 a\u00f1os en adelante)<\/p>\n\n\n\n<p><strong>VIERNES<\/strong><\/p>\n\n\n\n<p>8 A 12 Aula Abierta<\/p>\n\n\n\n<p>14 a 16 Tenis<\/p>\n\n\n\n<p>16 A 17 Pre Mini Basquet&nbsp; 3\u00b0 y 4\u00b0 grado<\/p>\n\n\n\n<p>17 a 18 Tenis 2\u00b0, 3\u00b0 y 4\u00b0 grado<\/p>\n\n\n\n<p>18 a 19:30 Basquet (U13) 5\u00b0 y 6\u00b0 grado<\/p>\n\n\n\n<p>18 a 21 Tenis de Mesa<\/p>\n\n\n\n<p>19:30 a 21 Voley Femenino (sub 16)&nbsp;<\/p>\n\n\n\n<p><strong>S\u00c1BADO:<\/strong><\/p>\n\n\n\n<p>Tenis:<\/p>\n\n\n\n<p>9 a 10 Mayores<\/p>\n\n\n\n<p>10 a 11 (2\u00b0, 3\u00b0 y 4\u00b0 grado)<\/p>\n\n\n\n<p>11 a 12:30 (5\u00b0 y 6\u00b0 grado) y (7\u00b0 grado y 1\u00b0 a\u00f1o)<\/p>\n\n\n\n<p>11 a 12 Escuela de Padel (Profe Walter Luna)<\/p>\n","protected":false},"excerpt":{"rendered":"<p>D\u00eda por d\u00eda, la instituci\u00f3n crespense informa sobre las pr\u00e1cticas de las distintas disciplinas deportivas que se realizan, ya sea en b\u00e1squet, tenis de mesa, f\u00fatbol, patin, voley, padel y muchas otras.&#46;&#46;&#46;<\/p>\n","protected":false},"author":1,"featured_media":13223,"comment_status":"closed","ping_status":"closed","sticky":false,"template":"","format":"standard","meta":[],"categories":[4,17,16],"tags":[],"_links":{"self":[{"href":"https:\/\/www.revistarescatados.com.ar\/web\/wp-json\/wp\/v2\/posts\/13222"}],"collection":[{"href":"https:\/\/www.revistarescatados.com.ar\/web\/wp-json\/wp\/v2\/posts"}],"about":[{"href":"https:\/\/www.revistarescatados.com.ar\/web\/wp-json\/wp\/v2\/types\/post"}],"author":[{"embeddable":true,"href":"https:\/\/www.revistarescatados.com.ar\/web\/wp-json\/wp\/v2\/users\/1"}],"replies":[{"embeddable":true,"href":"https:\/\/www.revistarescatados.com.ar\/web\/wp-json\/wp\/v2\/comments?post=13222"}],"version-history":[{"count":1,"href":"https:\/\/www.revistarescatados.com.ar\/web\/wp-json\/wp\/v2\/posts\/13222\/revisions"}],"predecessor-version":[{"id":13224,"href":"https:\/\/www.revistarescatados.com.ar\/web\/wp-json\/wp\/v2\/posts\/13222\/revisions\/13224"}],"wp:featuredmedia":[{"embeddable":true,"href":"https:\/\/www.revistarescatados.com.ar\/web\/wp-json\/wp\/v2\/media\/13223"}],"wp:attachment":[{"href":"https:\/\/www.revistarescatados.com.ar\/web\/wp-json\/wp\/v2\/media?parent=13222"}],"wp:term":[{"taxonomy":"category","embeddable":true,"href":"https:\/\/www.revistarescatados.com.ar\/web\/wp-json\/wp\/v2\/categories?post=13222"},{"taxonomy":"post_tag","embeddable":true,"href":"https:\/\/www.revistarescatados.com.ar\/web\/wp-json\/wp\/v2\/tags?post=13222"}],"curies":[{"name":"wp","href":"https:\/\/api.w.org\/{rel}","templated":true}]}}