{"id":13225,"date":"2021-03-23T00:12:13","date_gmt":"2021-03-23T03:12:13","guid":{"rendered":"http:\/\/www.revistarescatados.com.ar\/web\/?p=13225"},"modified":"2021-03-23T00:12:18","modified_gmt":"2021-03-23T03:12:18","slug":"se-confirman-tres-nuevos-contagios-en-calchaqui","status":"publish","type":"post","link":"https:\/\/www.revistarescatados.com.ar\/web\/2021\/03\/23\/se-confirman-tres-nuevos-contagios-en-calchaqui\/","title":{"rendered":"Se confirman tres nuevos contagios en Calchaqu\u00ed"},"content":{"rendered":"\n<figure class=\"wp-block-image size-large\"><img loading=\"lazy\" width=\"1024\" height=\"683\" src=\"http:\/\/www.revistarescatados.com.ar\/web\/wp-content\/uploads\/2021\/03\/Calchaqui-1-1024x683.jpg\" alt=\"\" class=\"wp-image-13228\" srcset=\"https:\/\/www.revistarescatados.com.ar\/web\/wp-content\/uploads\/2021\/03\/Calchaqui-1-1024x683.jpg 1024w, https:\/\/www.revistarescatados.com.ar\/web\/wp-content\/uploads\/2021\/03\/Calchaqui-1-300x200.jpg 300w, https:\/\/www.revistarescatados.com.ar\/web\/wp-content\/uploads\/2021\/03\/Calchaqui-1-768x512.jpg 768w, https:\/\/www.revistarescatados.com.ar\/web\/wp-content\/uploads\/2021\/03\/Calchaqui-1.jpg 1383w\" sizes=\"(max-width: 1024px) 100vw, 1024px\" \/><\/figure>\n\n\n\n<p><strong><span class=\"has-inline-color has-vivid-red-color\">As\u00ed lo revela el informe Epidemiol\u00f3gico del lunes 22, tras realizarse 9 test r\u00e1pidos. Adem\u00e1s hay 2 casos sospechosos a los que les tomaron muestras PCR. Hay una paciente internada en SAMCo y 7 en sus domicilios.<\/span><\/strong><\/p>\n\n\n\n<p><\/p>\n\n\n\n<figure class=\"wp-block-image size-large\"><img loading=\"lazy\" width=\"1016\" height=\"1024\" src=\"http:\/\/www.revistarescatados.com.ar\/web\/wp-content\/uploads\/2021\/03\/reporte-epidemiologico-22-03-1016x1024.jpg\" alt=\"\" class=\"wp-image-13226\" srcset=\"https:\/\/www.revistarescatados.com.ar\/web\/wp-content\/uploads\/2021\/03\/reporte-epidemiologico-22-03-1016x1024.jpg 1016w, https:\/\/www.revistarescatados.com.ar\/web\/wp-content\/uploads\/2021\/03\/reporte-epidemiologico-22-03-298x300.jpg 298w, https:\/\/www.revistarescatados.com.ar\/web\/wp-content\/uploads\/2021\/03\/reporte-epidemiologico-22-03-150x150.jpg 150w, https:\/\/www.revistarescatados.com.ar\/web\/wp-content\/uploads\/2021\/03\/reporte-epidemiologico-22-03-768x774.jpg 768w, https:\/\/www.revistarescatados.com.ar\/web\/wp-content\/uploads\/2021\/03\/reporte-epidemiologico-22-03-80x80.jpg 80w, https:\/\/www.revistarescatados.com.ar\/web\/wp-content\/uploads\/2021\/03\/reporte-epidemiologico-22-03.jpg 1080w\" sizes=\"(max-width: 1016px) 100vw, 1016px\" \/><\/figure>\n","protected":false},"excerpt":{"rendered":"<p>As\u00ed lo revela el informe Epidemiol\u00f3gico del lunes 22, tras realizarse 9 test r\u00e1pidos. Adem\u00e1s hay 2 casos sospechosos a los que les tomaron muestras PCR. Hay una paciente internada en SAMCo&#46;&#46;&#46;<\/p>\n","protected":false},"author":1,"featured_media":13227,"comment_status":"closed","ping_status":"closed","sticky":false,"template":"","format":"standard","meta":[],"categories":[2,3,16,9],"tags":[],"_links":{"self":[{"href":"https:\/\/www.revistarescatados.com.ar\/web\/wp-json\/wp\/v2\/posts\/13225"}],"collection":[{"href":"https:\/\/www.revistarescatados.com.ar\/web\/wp-json\/wp\/v2\/posts"}],"about":[{"href":"https:\/\/www.revistarescatados.com.ar\/web\/wp-json\/wp\/v2\/types\/post"}],"author":[{"embeddable":true,"href":"https:\/\/www.revistarescatados.com.ar\/web\/wp-json\/wp\/v2\/users\/1"}],"replies":[{"embeddable":true,"href":"https:\/\/www.revistarescatados.com.ar\/web\/wp-json\/wp\/v2\/comments?post=13225"}],"version-history":[{"count":1,"href":"https:\/\/www.revistarescatados.com.ar\/web\/wp-json\/wp\/v2\/posts\/13225\/revisions"}],"predecessor-version":[{"id":13229,"href":"https:\/\/www.revistarescatados.com.ar\/web\/wp-json\/wp\/v2\/posts\/13225\/revisions\/13229"}],"wp:featuredmedia":[{"embeddable":true,"href":"https:\/\/www.revistarescatados.com.ar\/web\/wp-json\/wp\/v2\/media\/13227"}],"wp:attachment":[{"href":"https:\/\/www.revistarescatados.com.ar\/web\/wp-json\/wp\/v2\/media?parent=13225"}],"wp:term":[{"taxonomy":"category","embeddable":true,"href":"https:\/\/www.revistarescatados.com.ar\/web\/wp-json\/wp\/v2\/categories?post=13225"},{"taxonomy":"post_tag","embeddable":true,"href":"https:\/\/www.revistarescatados.com.ar\/web\/wp-json\/wp\/v2\/tags?post=13225"}],"curies":[{"name":"wp","href":"https:\/\/api.w.org\/{rel}","templated":true}]}}