{"id":13398,"date":"2021-04-05T22:07:54","date_gmt":"2021-04-06T01:07:54","guid":{"rendered":"http:\/\/www.revistarescatados.com.ar\/web\/?p=13398"},"modified":"2021-04-05T22:07:59","modified_gmt":"2021-04-06T01:07:59","slug":"comenzo-el-taller-de-cortometraje-en-la-eeso-no-233-de-calchaqui","status":"publish","type":"post","link":"https:\/\/www.revistarescatados.com.ar\/web\/2021\/04\/05\/comenzo-el-taller-de-cortometraje-en-la-eeso-no-233-de-calchaqui\/","title":{"rendered":"Comenz\u00f3 el taller de cortometraje en la EESO N\u00ba 233 de Calchaqu\u00ed"},"content":{"rendered":"\n<p><\/p>\n\n\n\n<figure class=\"wp-block-image size-large\"><img loading=\"lazy\" width=\"1024\" height=\"683\" src=\"http:\/\/www.revistarescatados.com.ar\/web\/wp-content\/uploads\/2021\/04\/taller-cortometraje-1-1024x683.jpg\" alt=\"\" class=\"wp-image-13399\" srcset=\"https:\/\/www.revistarescatados.com.ar\/web\/wp-content\/uploads\/2021\/04\/taller-cortometraje-1-1024x683.jpg 1024w, https:\/\/www.revistarescatados.com.ar\/web\/wp-content\/uploads\/2021\/04\/taller-cortometraje-1-300x200.jpg 300w, https:\/\/www.revistarescatados.com.ar\/web\/wp-content\/uploads\/2021\/04\/taller-cortometraje-1-768x512.jpg 768w, https:\/\/www.revistarescatados.com.ar\/web\/wp-content\/uploads\/2021\/04\/taller-cortometraje-1.jpg 1440w\" sizes=\"(max-width: 1024px) 100vw, 1024px\" \/><\/figure>\n\n\n\n<p><strong><span class=\"has-inline-color has-vivid-red-color\">Durante esta semana se realiza el &#8220;Taller de Realizaci\u00f3n Audiovisual y Actuaci\u00f3n Frente a C\u00e1mara&#8221;, con el fin de la realizar y proyectar un cortometraje hecho por los mismos vecinos y vecinas de Calchaqu\u00ed, que ser\u00e1 presentado el s\u00e1bado 10  en el Anfiteatro.<\/span><\/strong><\/p>\n\n\n\n<p>Motor Audiovisual acerca esta propuesta abierta a la comunidad, que se lleva adelante hasta el 10 de abril, en la EESO 233 y en lugares estrat\u00e9gicos de nuestra ciudad.<\/p>\n\n\n\n<p><\/p>\n\n\n\n<figure class=\"wp-block-image size-large\"><img loading=\"lazy\" width=\"1024\" height=\"682\" src=\"http:\/\/www.revistarescatados.com.ar\/web\/wp-content\/uploads\/2021\/04\/taller-cortometraje-1024x682.jpg\" alt=\"\" class=\"wp-image-13400\" srcset=\"https:\/\/www.revistarescatados.com.ar\/web\/wp-content\/uploads\/2021\/04\/taller-cortometraje-1024x682.jpg 1024w, https:\/\/www.revistarescatados.com.ar\/web\/wp-content\/uploads\/2021\/04\/taller-cortometraje-300x200.jpg 300w, https:\/\/www.revistarescatados.com.ar\/web\/wp-content\/uploads\/2021\/04\/taller-cortometraje-768x512.jpg 768w, https:\/\/www.revistarescatados.com.ar\/web\/wp-content\/uploads\/2021\/04\/taller-cortometraje.jpg 1379w\" sizes=\"(max-width: 1024px) 100vw, 1024px\" \/><\/figure>\n\n\n\n<p>Quienes quieran sumarse, ya sea para la realizaci\u00f3n como para la actuaci\u00f3n, pueden contactarse al ?3415769021 (Mat\u00edas).<\/p>\n\n\n\n<p>Este proyecto cuenta con el apoyo del Consejo Federal de Cultura, el Ministerio de Cultura de la Naci\u00f3n, el Consejo Federal de Inversiones, el Ministerio de Cultura de Santa Fe y el Gobierno de la Ciudad de Calchaqu\u00ed.<\/p>\n","protected":false},"excerpt":{"rendered":"<p>Durante esta semana se realiza el &#8220;Taller de Realizaci\u00f3n Audiovisual y Actuaci\u00f3n Frente a C\u00e1mara&#8221;, con el fin de la realizar y proyectar un cortometraje hecho por los mismos vecinos y vecinas&#46;&#46;&#46;<\/p>\n","protected":false},"author":1,"featured_media":13400,"comment_status":"closed","ping_status":"closed","sticky":false,"template":"","format":"standard","meta":[],"categories":[2,7,3,16],"tags":[],"_links":{"self":[{"href":"https:\/\/www.revistarescatados.com.ar\/web\/wp-json\/wp\/v2\/posts\/13398"}],"collection":[{"href":"https:\/\/www.revistarescatados.com.ar\/web\/wp-json\/wp\/v2\/posts"}],"about":[{"href":"https:\/\/www.revistarescatados.com.ar\/web\/wp-json\/wp\/v2\/types\/post"}],"author":[{"embeddable":true,"href":"https:\/\/www.revistarescatados.com.ar\/web\/wp-json\/wp\/v2\/users\/1"}],"replies":[{"embeddable":true,"href":"https:\/\/www.revistarescatados.com.ar\/web\/wp-json\/wp\/v2\/comments?post=13398"}],"version-history":[{"count":1,"href":"https:\/\/www.revistarescatados.com.ar\/web\/wp-json\/wp\/v2\/posts\/13398\/revisions"}],"predecessor-version":[{"id":13401,"href":"https:\/\/www.revistarescatados.com.ar\/web\/wp-json\/wp\/v2\/posts\/13398\/revisions\/13401"}],"wp:featuredmedia":[{"embeddable":true,"href":"https:\/\/www.revistarescatados.com.ar\/web\/wp-json\/wp\/v2\/media\/13400"}],"wp:attachment":[{"href":"https:\/\/www.revistarescatados.com.ar\/web\/wp-json\/wp\/v2\/media?parent=13398"}],"wp:term":[{"taxonomy":"category","embeddable":true,"href":"https:\/\/www.revistarescatados.com.ar\/web\/wp-json\/wp\/v2\/categories?post=13398"},{"taxonomy":"post_tag","embeddable":true,"href":"https:\/\/www.revistarescatados.com.ar\/web\/wp-json\/wp\/v2\/tags?post=13398"}],"curies":[{"name":"wp","href":"https:\/\/api.w.org\/{rel}","templated":true}]}}