{"id":13527,"date":"2021-04-15T15:07:12","date_gmt":"2021-04-15T18:07:12","guid":{"rendered":"http:\/\/www.revistarescatados.com.ar\/web\/?p=13527"},"modified":"2021-04-15T15:07:17","modified_gmt":"2021-04-15T18:07:17","slug":"la-provincia-de-santa-fe-continuara-con-las-medidas-sanitarias-vigentes","status":"publish","type":"post","link":"https:\/\/www.revistarescatados.com.ar\/web\/2021\/04\/15\/la-provincia-de-santa-fe-continuara-con-las-medidas-sanitarias-vigentes\/","title":{"rendered":"La provincia de Santa Fe continuar\u00e1 con las medidas sanitarias vigentes"},"content":{"rendered":"\n<p><\/p>\n\n\n\n<figure class=\"wp-block-image size-large is-resized\"><img loading=\"lazy\" src=\"http:\/\/www.revistarescatados.com.ar\/web\/wp-content\/uploads\/2020\/03\/coronavirus.jpg\" alt=\"\" class=\"wp-image-8306\" width=\"694\" height=\"521\" srcset=\"https:\/\/www.revistarescatados.com.ar\/web\/wp-content\/uploads\/2020\/03\/coronavirus.jpg 620w, https:\/\/www.revistarescatados.com.ar\/web\/wp-content\/uploads\/2020\/03\/coronavirus-300x225.jpg 300w\" sizes=\"(max-width: 694px) 100vw, 694px\" \/><\/figure>\n\n\n\n<p><strong><span class=\"has-inline-color has-vivid-red-color\">El Gobierno de la provincia de Santa Fe, dar\u00e1 continuidad a las medidas implementadas hasta el momento en el marco de la segunda ola de Covid-19.<\/span><\/strong><\/p>\n\n\n\n<p>Asimismo, se tomar\u00e1n en cuenta todas las medidas anunciadas por el Presidente Alberto Fern\u00e1ndez, y en virtud de ello, se analizar\u00e1 la necesidad de actualizar las medidas vigentes a nivel provincial, con expertos en la materia para actuar de manera coordinada y eficiente desde el punto de vista epidemiol\u00f3gico.<\/p>\n\n\n\n<p>Para ello, se tomar\u00e1n en cuenta las siguientes variables:<\/p>\n\n\n\n<blockquote class=\"wp-block-quote\"><p>Cantidad de camas cr\u00edticas ocupadas<br>Tasa de mortalidad<br>Tasa de contagio<\/p><\/blockquote>\n\n\n\n<p>Adicionalmente, se implementar\u00e1n diversas medidas:<\/p>\n\n\n\n<blockquote class=\"wp-block-quote\"><p>Se fortalecer\u00e1 la coordinaci\u00f3n de acciones con el sistema de salud privado.<\/p><p>Se aumentar\u00e1n los controles interprovinciales.<\/p><p>Se incrementar\u00e1 la realizaci\u00f3n de los testeos cotidianos para la detecci\u00f3n de nuevos casos de Covid.<\/p><\/blockquote>\n\n\n\n<p>Los Ministerios de Trabajo y Producci\u00f3n, tambi\u00e9n actualizar\u00e1n y optimizar\u00e1n los protocolos con el fin de prevenir nuevos contagios y mantener el actual ritmo del sistema productivo provincial.<\/p>\n\n\n\n<p>Trabajaremos de forma conjunta y coordinada en toda la provincia, con la totalidad de los intendentes e intendentas, presidentes comunales y la sociedad civil.<\/p>\n\n\n\n<p>La mejor prevenci\u00f3n es el compromiso de todos en utilizar de manera correcta el barbijo, evitar las aglomeraciones, mantener la distancia social, lavarse frecuentemente las manos y respetar las disposiciones de la autoridad sanitaria.<\/p>\n\n\n\n<p>Por el momento, continuar\u00e1n vigentes los contenidos dispuestos en el Decreto provincial N\u00ba280 del pasado 9 de abril, que est\u00e1n basados en el objetivo de cuidar la salud de la poblaci\u00f3n y mantener el pujante crecimiento del sistema productivo provincial.<\/p>\n","protected":false},"excerpt":{"rendered":"<p>El Gobierno de la provincia de Santa Fe, dar\u00e1 continuidad a las medidas implementadas hasta el momento en el marco de la segunda ola de Covid-19. Asimismo, se tomar\u00e1n en cuenta todas&#46;&#46;&#46;<\/p>\n","protected":false},"author":1,"featured_media":8368,"comment_status":"closed","ping_status":"closed","sticky":false,"template":"","format":"standard","meta":[],"categories":[16,12,9,8],"tags":[],"_links":{"self":[{"href":"https:\/\/www.revistarescatados.com.ar\/web\/wp-json\/wp\/v2\/posts\/13527"}],"collection":[{"href":"https:\/\/www.revistarescatados.com.ar\/web\/wp-json\/wp\/v2\/posts"}],"about":[{"href":"https:\/\/www.revistarescatados.com.ar\/web\/wp-json\/wp\/v2\/types\/post"}],"author":[{"embeddable":true,"href":"https:\/\/www.revistarescatados.com.ar\/web\/wp-json\/wp\/v2\/users\/1"}],"replies":[{"embeddable":true,"href":"https:\/\/www.revistarescatados.com.ar\/web\/wp-json\/wp\/v2\/comments?post=13527"}],"version-history":[{"count":1,"href":"https:\/\/www.revistarescatados.com.ar\/web\/wp-json\/wp\/v2\/posts\/13527\/revisions"}],"predecessor-version":[{"id":13528,"href":"https:\/\/www.revistarescatados.com.ar\/web\/wp-json\/wp\/v2\/posts\/13527\/revisions\/13528"}],"wp:featuredmedia":[{"embeddable":true,"href":"https:\/\/www.revistarescatados.com.ar\/web\/wp-json\/wp\/v2\/media\/8368"}],"wp:attachment":[{"href":"https:\/\/www.revistarescatados.com.ar\/web\/wp-json\/wp\/v2\/media?parent=13527"}],"wp:term":[{"taxonomy":"category","embeddable":true,"href":"https:\/\/www.revistarescatados.com.ar\/web\/wp-json\/wp\/v2\/categories?post=13527"},{"taxonomy":"post_tag","embeddable":true,"href":"https:\/\/www.revistarescatados.com.ar\/web\/wp-json\/wp\/v2\/tags?post=13527"}],"curies":[{"name":"wp","href":"https:\/\/api.w.org\/{rel}","templated":true}]}}