{"id":13540,"date":"2021-04-16T00:10:02","date_gmt":"2021-04-16T03:10:02","guid":{"rendered":"http:\/\/www.revistarescatados.com.ar\/web\/?p=13540"},"modified":"2021-04-16T00:10:09","modified_gmt":"2021-04-16T03:10:09","slug":"gestionan-ayudas-economicas-de-la-anses-en-calchaqui","status":"publish","type":"post","link":"https:\/\/www.revistarescatados.com.ar\/web\/2021\/04\/16\/gestionan-ayudas-economicas-de-la-anses-en-calchaqui\/","title":{"rendered":"Gestionan ayudas econ\u00f3micas de la ANSES en Calchaqu\u00ed"},"content":{"rendered":"\n<p><br><strong><span class=\"has-inline-color has-vivid-red-color\">El intendente, Rub\u00e9n Cuello, y la Secretaria de Desarrollo Social, Antonela Beltramino, participaron en la entrega de pr\u00e9stamos gestionados ante ANSES, destinados a beneficiarios de sus programas.<\/span><\/strong><\/p>\n\n\n\n<figure class=\"wp-block-image size-large\"><img loading=\"lazy\" width=\"691\" height=\"519\" src=\"http:\/\/www.revistarescatados.com.ar\/web\/wp-content\/uploads\/2021\/04\/Anses.jpg\" alt=\"\" class=\"wp-image-13541\" srcset=\"https:\/\/www.revistarescatados.com.ar\/web\/wp-content\/uploads\/2021\/04\/Anses.jpg 691w, https:\/\/www.revistarescatados.com.ar\/web\/wp-content\/uploads\/2021\/04\/Anses-300x225.jpg 300w\" sizes=\"(max-width: 691px) 100vw, 691px\" \/><\/figure>\n\n\n\n<p>La Administraci\u00f3n Nacional de la Seguridad Social (ANSES) realiz\u00f3 diferentes tr\u00e1mites en nuestra ciudad.<\/p>\n\n\n\n<p>&#8220;Agradecemos la presencia de este organismo en nuestra ciudad a Luis L\u00f3pez, Jefe UDAI Santa Fe, y al Jefe Regional Litoral, Diego Mansilla&#8221;, destac\u00f3 el intendente.<\/p>\n","protected":false},"excerpt":{"rendered":"<p>El intendente, Rub\u00e9n Cuello, y la Secretaria de Desarrollo Social, Antonela Beltramino, participaron en la entrega de pr\u00e9stamos gestionados ante ANSES, destinados a beneficiarios de sus programas. La Administraci\u00f3n Nacional de la&#46;&#46;&#46;<\/p>\n","protected":false},"author":1,"featured_media":13541,"comment_status":"closed","ping_status":"closed","sticky":false,"template":"","format":"standard","meta":[],"categories":[2,3,16,8],"tags":[],"_links":{"self":[{"href":"https:\/\/www.revistarescatados.com.ar\/web\/wp-json\/wp\/v2\/posts\/13540"}],"collection":[{"href":"https:\/\/www.revistarescatados.com.ar\/web\/wp-json\/wp\/v2\/posts"}],"about":[{"href":"https:\/\/www.revistarescatados.com.ar\/web\/wp-json\/wp\/v2\/types\/post"}],"author":[{"embeddable":true,"href":"https:\/\/www.revistarescatados.com.ar\/web\/wp-json\/wp\/v2\/users\/1"}],"replies":[{"embeddable":true,"href":"https:\/\/www.revistarescatados.com.ar\/web\/wp-json\/wp\/v2\/comments?post=13540"}],"version-history":[{"count":1,"href":"https:\/\/www.revistarescatados.com.ar\/web\/wp-json\/wp\/v2\/posts\/13540\/revisions"}],"predecessor-version":[{"id":13542,"href":"https:\/\/www.revistarescatados.com.ar\/web\/wp-json\/wp\/v2\/posts\/13540\/revisions\/13542"}],"wp:featuredmedia":[{"embeddable":true,"href":"https:\/\/www.revistarescatados.com.ar\/web\/wp-json\/wp\/v2\/media\/13541"}],"wp:attachment":[{"href":"https:\/\/www.revistarescatados.com.ar\/web\/wp-json\/wp\/v2\/media?parent=13540"}],"wp:term":[{"taxonomy":"category","embeddable":true,"href":"https:\/\/www.revistarescatados.com.ar\/web\/wp-json\/wp\/v2\/categories?post=13540"},{"taxonomy":"post_tag","embeddable":true,"href":"https:\/\/www.revistarescatados.com.ar\/web\/wp-json\/wp\/v2\/tags?post=13540"}],"curies":[{"name":"wp","href":"https:\/\/api.w.org\/{rel}","templated":true}]}}