{"id":13560,"date":"2021-04-19T21:33:39","date_gmt":"2021-04-20T00:33:39","guid":{"rendered":"http:\/\/www.revistarescatados.com.ar\/web\/?p=13560"},"modified":"2021-04-19T21:58:41","modified_gmt":"2021-04-20T00:58:41","slug":"el-senador-osvaldo-sosa-acompana-la-semana-de-los-pueblos-originarios","status":"publish","type":"post","link":"https:\/\/www.revistarescatados.com.ar\/web\/2021\/04\/19\/el-senador-osvaldo-sosa-acompana-la-semana-de-los-pueblos-originarios\/","title":{"rendered":"El senador Osvaldo Sosa acompa\u00f1a la &#8220;Semana de los Pueblos Originarios&#8221;"},"content":{"rendered":"\n<p><strong><span class=\"has-inline-color has-vivid-red-color\">Con el objetivo de reivindicar la cultura y los derechos de los pueblos ind\u00edgenas, del 19 al 25 de abril se celebra la Semana de los Pueblos originarios. <\/span><\/strong><\/p>\n\n\n\n<figure class=\"wp-block-image size-large\"><img loading=\"lazy\" width=\"940\" height=\"788\" src=\"http:\/\/www.revistarescatados.com.ar\/web\/wp-content\/uploads\/2021\/04\/pueblos-originarios.jpg\" alt=\"\" class=\"wp-image-13561\" srcset=\"https:\/\/www.revistarescatados.com.ar\/web\/wp-content\/uploads\/2021\/04\/pueblos-originarios.jpg 940w, https:\/\/www.revistarescatados.com.ar\/web\/wp-content\/uploads\/2021\/04\/pueblos-originarios-300x251.jpg 300w, https:\/\/www.revistarescatados.com.ar\/web\/wp-content\/uploads\/2021\/04\/pueblos-originarios-768x644.jpg 768w\" sizes=\"(max-width: 940px) 100vw, 940px\" \/><\/figure>\n\n\n\n<p><br>&#8220;La semana de los Pueblos Ind\u00edgenas, es una semana de reflexi\u00f3n y expresi\u00f3n que buscan concientizar a nuestra sociedad como un estado multi\u00e9tnico y pluricultural, haciendo visible a nuestros hermanos abor\u00edgenes en el reconocimiento de sus derechos y sin discriminaci\u00f3n&#8221;, se\u00f1al\u00f3 el legislador.<\/p>\n\n\n\n<p><br>&#8220;Una deuda que de a poco se va saldando lentamente, pero que todav\u00eda queda mucho por hacer&#8221;, finaliz\u00f3.<\/p>\n","protected":false},"excerpt":{"rendered":"<p>Con el objetivo de reivindicar la cultura y los derechos de los pueblos ind\u00edgenas, del 19 al 25 de abril se celebra la Semana de los Pueblos originarios. &#8220;La semana de los&#46;&#46;&#46;<\/p>\n","protected":false},"author":1,"featured_media":13561,"comment_status":"closed","ping_status":"closed","sticky":false,"template":"","format":"standard","meta":[],"categories":[7,3,16],"tags":[],"_links":{"self":[{"href":"https:\/\/www.revistarescatados.com.ar\/web\/wp-json\/wp\/v2\/posts\/13560"}],"collection":[{"href":"https:\/\/www.revistarescatados.com.ar\/web\/wp-json\/wp\/v2\/posts"}],"about":[{"href":"https:\/\/www.revistarescatados.com.ar\/web\/wp-json\/wp\/v2\/types\/post"}],"author":[{"embeddable":true,"href":"https:\/\/www.revistarescatados.com.ar\/web\/wp-json\/wp\/v2\/users\/1"}],"replies":[{"embeddable":true,"href":"https:\/\/www.revistarescatados.com.ar\/web\/wp-json\/wp\/v2\/comments?post=13560"}],"version-history":[{"count":1,"href":"https:\/\/www.revistarescatados.com.ar\/web\/wp-json\/wp\/v2\/posts\/13560\/revisions"}],"predecessor-version":[{"id":13562,"href":"https:\/\/www.revistarescatados.com.ar\/web\/wp-json\/wp\/v2\/posts\/13560\/revisions\/13562"}],"wp:featuredmedia":[{"embeddable":true,"href":"https:\/\/www.revistarescatados.com.ar\/web\/wp-json\/wp\/v2\/media\/13561"}],"wp:attachment":[{"href":"https:\/\/www.revistarescatados.com.ar\/web\/wp-json\/wp\/v2\/media?parent=13560"}],"wp:term":[{"taxonomy":"category","embeddable":true,"href":"https:\/\/www.revistarescatados.com.ar\/web\/wp-json\/wp\/v2\/categories?post=13560"},{"taxonomy":"post_tag","embeddable":true,"href":"https:\/\/www.revistarescatados.com.ar\/web\/wp-json\/wp\/v2\/tags?post=13560"}],"curies":[{"name":"wp","href":"https:\/\/api.w.org\/{rel}","templated":true}]}}