{"id":13592,"date":"2021-04-23T15:36:44","date_gmt":"2021-04-23T18:36:44","guid":{"rendered":"http:\/\/www.revistarescatados.com.ar\/web\/?p=13592"},"modified":"2021-04-23T15:36:48","modified_gmt":"2021-04-23T18:36:48","slug":"el-diputado-fabian-bastia-estuvo-en-fortin-olmos-y-en-golondrina","status":"publish","type":"post","link":"https:\/\/www.revistarescatados.com.ar\/web\/2021\/04\/23\/el-diputado-fabian-bastia-estuvo-en-fortin-olmos-y-en-golondrina\/","title":{"rendered":"El diputado Fabi\u00e1n Bast\u00eda estuvo en Fort\u00edn Olmos y en Golondrina"},"content":{"rendered":"\n<p><strong><span class=\"has-inline-color has-vivid-red-color\">Lo hizo en el marco del a\u00f1o comicial, remarcando la importancia de fortalecer las l\u00edneas partidarias, &#8220;esbozando estrategias, consensuando l\u00edneas de trabajo y viendo cursos de acci\u00f3n a implementar&#8221;, subray\u00f3 Fabi\u00e1n Bastia.<\/span><\/strong><\/p>\n\n\n\n<figure class=\"wp-block-image size-large\"><img loading=\"lazy\" width=\"1006\" height=\"460\" src=\"http:\/\/www.revistarescatados.com.ar\/web\/wp-content\/uploads\/2021\/04\/bastia-1.png\" alt=\"\" class=\"wp-image-13594\" srcset=\"https:\/\/www.revistarescatados.com.ar\/web\/wp-content\/uploads\/2021\/04\/bastia-1.png 1006w, https:\/\/www.revistarescatados.com.ar\/web\/wp-content\/uploads\/2021\/04\/bastia-1-300x137.png 300w, https:\/\/www.revistarescatados.com.ar\/web\/wp-content\/uploads\/2021\/04\/bastia-1-768x351.png 768w\" sizes=\"(max-width: 1006px) 100vw, 1006px\" \/><\/figure>\n\n\n\n<p><\/p>\n\n\n\n<p>Acompa\u00f1ado por otros dirigentes radicales, el legislador se reuni\u00f3 en GOLONDRINA, con su presidente comunal, Aurelio Andreu.<\/p>\n\n\n\n<p>&#8220;En FORT\u00cdN OLMOS, tuvimos una reunion de trabajo con la representante de minor\u00eda comunal Laura Senn, y referentes de instituciones locales,&#8221; indic\u00f3 Fabi\u00e1n Bastia.<\/p>\n","protected":false},"excerpt":{"rendered":"<p>Lo hizo en el marco del a\u00f1o comicial, remarcando la importancia de fortalecer las l\u00edneas partidarias, &#8220;esbozando estrategias, consensuando l\u00edneas de trabajo y viendo cursos de acci\u00f3n a implementar&#8221;, subray\u00f3 Fabi\u00e1n Bastia.&#46;&#46;&#46;<\/p>\n","protected":false},"author":1,"featured_media":13594,"comment_status":"closed","ping_status":"closed","sticky":false,"template":"","format":"standard","meta":[],"categories":[3,16,13],"tags":[],"_links":{"self":[{"href":"https:\/\/www.revistarescatados.com.ar\/web\/wp-json\/wp\/v2\/posts\/13592"}],"collection":[{"href":"https:\/\/www.revistarescatados.com.ar\/web\/wp-json\/wp\/v2\/posts"}],"about":[{"href":"https:\/\/www.revistarescatados.com.ar\/web\/wp-json\/wp\/v2\/types\/post"}],"author":[{"embeddable":true,"href":"https:\/\/www.revistarescatados.com.ar\/web\/wp-json\/wp\/v2\/users\/1"}],"replies":[{"embeddable":true,"href":"https:\/\/www.revistarescatados.com.ar\/web\/wp-json\/wp\/v2\/comments?post=13592"}],"version-history":[{"count":1,"href":"https:\/\/www.revistarescatados.com.ar\/web\/wp-json\/wp\/v2\/posts\/13592\/revisions"}],"predecessor-version":[{"id":13595,"href":"https:\/\/www.revistarescatados.com.ar\/web\/wp-json\/wp\/v2\/posts\/13592\/revisions\/13595"}],"wp:featuredmedia":[{"embeddable":true,"href":"https:\/\/www.revistarescatados.com.ar\/web\/wp-json\/wp\/v2\/media\/13594"}],"wp:attachment":[{"href":"https:\/\/www.revistarescatados.com.ar\/web\/wp-json\/wp\/v2\/media?parent=13592"}],"wp:term":[{"taxonomy":"category","embeddable":true,"href":"https:\/\/www.revistarescatados.com.ar\/web\/wp-json\/wp\/v2\/categories?post=13592"},{"taxonomy":"post_tag","embeddable":true,"href":"https:\/\/www.revistarescatados.com.ar\/web\/wp-json\/wp\/v2\/tags?post=13592"}],"curies":[{"name":"wp","href":"https:\/\/api.w.org\/{rel}","templated":true}]}}