{"id":13596,"date":"2021-04-23T15:42:36","date_gmt":"2021-04-23T18:42:36","guid":{"rendered":"http:\/\/www.revistarescatados.com.ar\/web\/?p=13596"},"modified":"2021-04-23T15:42:41","modified_gmt":"2021-04-23T18:42:41","slug":"legisladores-del-interbloque-ucr-elevaron-urgente-petitorio-al-gobernador-perotti","status":"publish","type":"post","link":"https:\/\/www.revistarescatados.com.ar\/web\/2021\/04\/23\/legisladores-del-interbloque-ucr-elevaron-urgente-petitorio-al-gobernador-perotti\/","title":{"rendered":"Legisladores del Interbloque UCR: Elevaron urgente petitorio al gobernador Perotti"},"content":{"rendered":"\n<p><\/p>\n\n\n\n<figure class=\"wp-block-image size-large\"><img loading=\"lazy\" width=\"1024\" height=\"682\" src=\"http:\/\/www.revistarescatados.com.ar\/web\/wp-content\/uploads\/2021\/04\/Interbloque-UCR-1024x682.jpg\" alt=\"\" class=\"wp-image-13597\" srcset=\"https:\/\/www.revistarescatados.com.ar\/web\/wp-content\/uploads\/2021\/04\/Interbloque-UCR-1024x682.jpg 1024w, https:\/\/www.revistarescatados.com.ar\/web\/wp-content\/uploads\/2021\/04\/Interbloque-UCR-300x200.jpg 300w, https:\/\/www.revistarescatados.com.ar\/web\/wp-content\/uploads\/2021\/04\/Interbloque-UCR-768x512.jpg 768w, https:\/\/www.revistarescatados.com.ar\/web\/wp-content\/uploads\/2021\/04\/Interbloque-UCR.jpg 1280w\" sizes=\"(max-width: 1024px) 100vw, 1024px\" \/><\/figure>\n\n\n\n<p>Este jueves, integrantes de los Bloques de Senadores y Diputados de la Uni\u00f3n C\u00edvica Radical de la Provincia de Santa Fe mantuvieron una reuni\u00f3n de trabajo.<\/p>\n\n\n\n<p>Fue a los fines de evaluar el impacto de las medidas anunciadas por el Gobierno de la Provincia -a trav\u00e9s del Decreto N\u00b0 386- y dem\u00e1s aspectos relacionados a la segunda ola de la Pandemia del Covid 19.<\/p>\n\n\n\n<p>Alli redactaron un petitorio -con car\u00e1cter de urgente- elevado al Gobernador de la Provincia, Omar Perotti, basado en tres ejes fundamentales:<\/p>\n\n\n\n<p>1.- Cuesti\u00f3n sanitaria<\/p>\n\n\n\n<p>2.- Situaci\u00f3n econ\u00f3mica<\/p>\n\n\n\n<p>3.- Distribuci\u00f3n de recursos a los gobiernos locales.<\/p>\n\n\n\n<p>Leer m\u00e1s<\/p>\n\n\n\n<p>Diputado Fabi\u00e1n Bastia: Pedido de informes sobre la deuda de la EPE con CAMESSA<\/p>\n\n\n\n<p><strong>CUESTI\u00d3N SANITARIA<\/strong><\/p>\n\n\n\n<p>En cuanto a la vacunaci\u00f3n se requiri\u00f3 que sea &#8220;m\u00e1s uniforme ya que existe una diferencia porcentual entre los distintos departamentos. En algunos se vacun\u00f3 alrededor del 20% de la poblaci\u00f3n objetivo, mientras que en otros ya se super\u00f3 el 35% siendo que son regiones en rojo por la gran cantidad de contagios\u201d.<\/p>\n\n\n\n<p>Al respecto \u201cpor suerte vemos que la Ministra de Salud, Dra. Sonia Martorano, oportunamente tom\u00f3 nota de este reclamo y esa diferencia porcentual se va achicando\u201d. Atento a que las vacunas que llegan a la Provincia no son en el n\u00famero deseado, se insisti\u00f3 con que \u201cse lleve a cabo gestiones de compra de dosis por medios propios y\/o con las provincias que integran la regi\u00f3n centro, tendientes a complementar las que provee el Estado Nacional\u201d.<\/p>\n\n\n\n<p>Asimismo, se requiri\u00f3 &#8220;intensificar la campa\u00f1a con un criterio m\u00e1s preciso en las distintas franjas determinadas, prioriz\u00e1ndolos a otros ciudadanos que tienen edad avanzada y\/o comorbilidades que a\u00fan no han sido contemplados, ni convocados, pese a estar inscriptos, lo cual es preocupante porque son personas con mayor grado de riesgo\u201d, se\u00f1alaron.<\/p>\n\n\n\n<p>Tambi\u00e9n se requiri\u00f3 que exista mayor cantidad de testeos en todo el territorio provincial y se asegure mayor presencia policial para controles en rutas y en accesos, adem\u00e1s para fortalecer operativos de los gobiernos locales.<\/p>\n\n\n\n<p>Se insisti\u00f3 con la &#8220;refuncionalizaci\u00f3n y jerarquizaci\u00f3n de los Comit\u00e9s de Emergencia Departamental que han demostrado ser una eficaz herramienta de coordinaci\u00f3n y de conocimiento territorial para tomar las mejores decisiones en relaci\u00f3n con la pandemia\u201d. Se reflej\u00f3 el mal estado de la infraestructura hospitalaria en general, falta de recursos humanos y el mal estado de las ambulancias, muchas en estado obsoleto. Tambi\u00e9n se propuso que el Gobierno analice la posibilidad de implementar el Boleto Gratuito para Trabajadores de la Salud P\u00fablica\u201d.<\/p>\n\n\n\n<p><\/p>\n\n\n\n<figure class=\"wp-block-image size-large\"><img loading=\"lazy\" width=\"960\" height=\"720\" src=\"http:\/\/www.revistarescatados.com.ar\/web\/wp-content\/uploads\/2021\/04\/ucr.jpg\" alt=\"\" class=\"wp-image-13598\" srcset=\"https:\/\/www.revistarescatados.com.ar\/web\/wp-content\/uploads\/2021\/04\/ucr.jpg 960w, https:\/\/www.revistarescatados.com.ar\/web\/wp-content\/uploads\/2021\/04\/ucr-300x225.jpg 300w, https:\/\/www.revistarescatados.com.ar\/web\/wp-content\/uploads\/2021\/04\/ucr-768x576.jpg 768w\" sizes=\"(max-width: 960px) 100vw, 960px\" \/><\/figure>\n\n\n\n<p><strong>SITUACI\u00d3N ECON\u00d3MICA<\/strong><\/p>\n\n\n\n<p>Los legisladores radicales repararon en la imperiosa necesidad de brindar asistencia a sectores afectados por la pandemia, se\u00f1alando que \u201cla misma tuvo y tiene un impacto econ\u00f3mico, social y productivo que no tiene antecedentes comparables por su intensidad y duraci\u00f3n.<\/p>\n\n\n\n<p>En solo un a\u00f1o el PBI cay\u00f3 un 9,9% pero para algunos sectores tal ca\u00edda fue de mayor gravedad. El sector hoteles y gastronom\u00eda cay\u00f3 un 49%. El transporte cay\u00f3 un 17%, la construcci\u00f3n un 22% y los servicios comunitarios un 38%. Son unos ejemplos de esas ca\u00eddas superiores a la media\u201d. Por tal motivo, exigieron que se operativice la aplicaci\u00f3n de la Ley Provincial N\u00b0 14.009 que \u201csancionamos en octubre del a\u00f1o pasado y luego fue promulgada por el Poder Ejecutivo.<\/p>\n\n\n\n<p>\u201cEsta Ley de Emergencia provincial al sector tur\u00edstico y otras actividades, establece diferimientos, pr\u00f3rrogas y exenci\u00f3n de impuestos, readecuaci\u00f3n de la metodolog\u00eda de factores de servicios de energ\u00eda el\u00e9ctrica y agua y otorgamiento de subsidios o aportes no reintegrables hasta un monto de $500.000 por beneficiario, adem\u00e1s de l\u00edneas de cr\u00e9dito, hasta el 30 de junio 2021, otorgando la facultad al P.E. de prorrogar por 6 meses. Adem\u00e1s, crea el Fondo de Asistencia Financiera espec\u00edfico por $800 millones\u201d.<\/p>\n\n\n\n<p><strong>RECURSOS PARA GOBIERNOS LOCALES<\/strong><\/p>\n\n\n\n<p>Otra cuesti\u00f3n directamente vinculada a la pandemia que los legisladores reclaman al Gobierno Provincial es \u201cla escasa distribuci\u00f3n de los recursos creados por Ley N\u00b0 13.978, -conocida como Fondo COVID para municipios y comunas-Al presente, ya con el avance de la 2\u00b0 ola, la Provincia solo transfiri\u00f3 $884 millones, menos del 30% de los $3000 millones aprobados por dicha Ley para atender necesidades derivadas de los efectos de la pandemia y emergencia sanitaria, social y alimentaria.\u201d<\/p>\n\n\n\n<p>Asimismo, se hace notar que la distribuci\u00f3n del \u201cPlan Incluir\u201d no llega en un plano de igualdad para todos los MMyCC de la Provincia, estando \u201ccontaminado de favoritismos y discriminaci\u00f3n pol\u00edtica, seg\u00fan el signo partidario de los gobiernos locales\u201d. \u201cDel total de lo distribuido del \u201cPlan Incluir\u201d en la Provincia -seg\u00fan presupuesto 2020-, el 59% de los Municipios y Comunas del oficialismo recibieron estos aportes, y tan solo el 11,6% de los MMyCC de la oposici\u00f3n.<\/p>\n\n\n\n<p>En cuanto a cifra por habitantes, esto significa que los gobiernos oficialistas recibieron $358 y los de la oposici\u00f3n $96 por personas, la relaci\u00f3n es casi de 4 a 1, seg\u00fan se desprende de la informaci\u00f3n oficial&#8221;. Adem\u00e1s, agregan que \u201cla Ley de presupuesto cuenta con partida por $4.000 millones para el programa INCLUIR destinado a Municipios y Comunas\u201d. \u201cTambi\u00e9n, la Ley 14.025 &#8211; Tributaria 2021 incluye un cap\u00edtulo especial de Exenciones Especiales para actividades afectadas por la pandemia\u201d, menciona el documento.<\/p>\n\n\n\n<p><strong>CONSIDERACIONES GENERALES<\/strong><\/p>\n\n\n\n<p>Finalmente, los legisladores radicales manifiestan que \u201cel petitorio pretende poner sobre la mesa los problemas que venimos se\u00f1alando desde hace meses, que se agravaron, y que la provincia no est\u00e1 atendiendo en la medida deseada.<\/p>\n\n\n\n<p>Tambi\u00e9n brindamos las herramientas a nuestro alcance por la importancia de empoderar con recursos a los gobiernos locales, y la urgencia de asistir econ\u00f3micamente, con eficiencia y un criterio de solidaridad, a los sectores afectados por las restricciones\u201d. \u201cNecesitamos un di\u00e1logo profundo, urgente, transversal, para afrontar una situaci\u00f3n muy concreta como es frenar los contagios, y avanzar, con recursos, en una bater\u00eda de pol\u00edticas de asistencia econ\u00f3mica a los afectados por las restricciones\u201d.<\/p>\n","protected":false},"excerpt":{"rendered":"<p>Este jueves, integrantes de los Bloques de Senadores y Diputados de la Uni\u00f3n C\u00edvica Radical de la Provincia de Santa Fe mantuvieron una reuni\u00f3n de trabajo a los fines de evaluar el impacto de las \u00faltimas medidas anunciadas por el Gobierno de la Provincia -a trav\u00e9s del Decreto N\u00b0 386- y dem\u00e1s aspectos relacionados a la segunda ola de la Pandemia del Covid 19.<\/p>\n","protected":false},"author":1,"featured_media":13597,"comment_status":"closed","ping_status":"closed","sticky":false,"template":"","format":"standard","meta":[],"categories":[16,10,13,12],"tags":[],"_links":{"self":[{"href":"https:\/\/www.revistarescatados.com.ar\/web\/wp-json\/wp\/v2\/posts\/13596"}],"collection":[{"href":"https:\/\/www.revistarescatados.com.ar\/web\/wp-json\/wp\/v2\/posts"}],"about":[{"href":"https:\/\/www.revistarescatados.com.ar\/web\/wp-json\/wp\/v2\/types\/post"}],"author":[{"embeddable":true,"href":"https:\/\/www.revistarescatados.com.ar\/web\/wp-json\/wp\/v2\/users\/1"}],"replies":[{"embeddable":true,"href":"https:\/\/www.revistarescatados.com.ar\/web\/wp-json\/wp\/v2\/comments?post=13596"}],"version-history":[{"count":1,"href":"https:\/\/www.revistarescatados.com.ar\/web\/wp-json\/wp\/v2\/posts\/13596\/revisions"}],"predecessor-version":[{"id":13599,"href":"https:\/\/www.revistarescatados.com.ar\/web\/wp-json\/wp\/v2\/posts\/13596\/revisions\/13599"}],"wp:featuredmedia":[{"embeddable":true,"href":"https:\/\/www.revistarescatados.com.ar\/web\/wp-json\/wp\/v2\/media\/13597"}],"wp:attachment":[{"href":"https:\/\/www.revistarescatados.com.ar\/web\/wp-json\/wp\/v2\/media?parent=13596"}],"wp:term":[{"taxonomy":"category","embeddable":true,"href":"https:\/\/www.revistarescatados.com.ar\/web\/wp-json\/wp\/v2\/categories?post=13596"},{"taxonomy":"post_tag","embeddable":true,"href":"https:\/\/www.revistarescatados.com.ar\/web\/wp-json\/wp\/v2\/tags?post=13596"}],"curies":[{"name":"wp","href":"https:\/\/api.w.org\/{rel}","templated":true}]}}