{"id":13600,"date":"2021-04-23T15:46:41","date_gmt":"2021-04-23T18:46:41","guid":{"rendered":"http:\/\/www.revistarescatados.com.ar\/web\/?p=13600"},"modified":"2021-04-23T23:53:53","modified_gmt":"2021-04-24T02:53:53","slug":"calchaqui-firmo-convenios-con-el-ministerio-de-seguridad-provincial","status":"publish","type":"post","link":"https:\/\/www.revistarescatados.com.ar\/web\/2021\/04\/23\/calchaqui-firmo-convenios-con-el-ministerio-de-seguridad-provincial\/","title":{"rendered":"Calchaqu\u00ed firm\u00f3 convenios con el Ministerio de seguridad provincial"},"content":{"rendered":"\n<p><strong><span class=\"has-inline-color has-vivid-red-color\">El Ministro de Seguridad Jorge Lagna firm\u00f3 un convenio marco de colaboraci\u00f3n con el Intendente Rub\u00e9n Cuello para, entre otras cosas, realizar el mantenimiento y reparaci\u00f3n de m\u00f3viles policiales y para la conformaci\u00f3n de la Mesa de Seguridad Local. <\/span><\/strong><\/p>\n\n\n\n<p><\/p>\n\n\n\n<figure class=\"wp-block-image size-large\"><img loading=\"lazy\" width=\"1024\" height=\"575\" src=\"http:\/\/www.revistarescatados.com.ar\/web\/wp-content\/uploads\/2021\/04\/Jorge-Lagna-1024x575.jpg\" alt=\"\" class=\"wp-image-13601\" srcset=\"https:\/\/www.revistarescatados.com.ar\/web\/wp-content\/uploads\/2021\/04\/Jorge-Lagna-1024x575.jpg 1024w, https:\/\/www.revistarescatados.com.ar\/web\/wp-content\/uploads\/2021\/04\/Jorge-Lagna-300x168.jpg 300w, https:\/\/www.revistarescatados.com.ar\/web\/wp-content\/uploads\/2021\/04\/Jorge-Lagna-768x431.jpg 768w, https:\/\/www.revistarescatados.com.ar\/web\/wp-content\/uploads\/2021\/04\/Jorge-Lagna.jpg 1440w\" sizes=\"(max-width: 1024px) 100vw, 1024px\" \/><\/figure>\n\n\n\n<p>Participaron de la mesa de trabajo: el Delegado del Ministerio de Seguridad,&nbsp; Zona Norte, Nicol\u00e1s Nardoni; el Subjefe de Polic\u00eda de la Provincia, Ariel Zancocchia; el Jefe de la Unidad Regional XIX, Daniel Borovach; el Secretario de Seguridad Municipal, Luis Figueroa y el Secretario de Finanzas, Pablo Monz\u00f3n.<\/p>\n\n\n\n<figure class=\"wp-block-image size-large\"><img loading=\"lazy\" width=\"1024\" height=\"575\" src=\"http:\/\/www.revistarescatados.com.ar\/web\/wp-content\/uploads\/2021\/04\/Jorge-Lagna-1-1024x575.jpg\" alt=\"\" class=\"wp-image-13602\" srcset=\"https:\/\/www.revistarescatados.com.ar\/web\/wp-content\/uploads\/2021\/04\/Jorge-Lagna-1-1024x575.jpg 1024w, https:\/\/www.revistarescatados.com.ar\/web\/wp-content\/uploads\/2021\/04\/Jorge-Lagna-1-300x169.jpg 300w, https:\/\/www.revistarescatados.com.ar\/web\/wp-content\/uploads\/2021\/04\/Jorge-Lagna-1-768x431.jpg 768w, https:\/\/www.revistarescatados.com.ar\/web\/wp-content\/uploads\/2021\/04\/Jorge-Lagna-1.jpg 1440w\" sizes=\"(max-width: 1024px) 100vw, 1024px\" \/><\/figure>\n\n\n\n<p>En la ciudad de Calchaqu\u00ed, adem\u00e1s de la firma del Convenio, tambi\u00e9n se conform\u00f3 la Mesa de Seguridad local, \u201cuna herramienta de trabajo que significa, ni m\u00e1s ni menos, tener una mirada local de la seguridad\u201d, destac\u00f3 el ministro Lagna, y agreg\u00f3 que esto permitir\u00e1 que \u201cel Intendente y su equipo, con la Polic\u00eda y el Ministerio, puedan dise\u00f1ar un plan de seguridad para la ciudad, con medidas para el corto, mediano y largo plazo. Cuentan con el compromiso y recursos por parte del Ministerio\u201d.<\/p>\n\n\n\n<p>El intendente  Rub\u00e9n Cuello, destac\u00f3 la creaci\u00f3n de la Mesa de Seguridad en la ciudad y dijo: \u201cHoy tenemos una obligaci\u00f3n muy importante donde el nexo con el ministerio va a ser muy fluido. Es muy importante la conformaci\u00f3n de esta Mesa porque nos da un pie para ser escuchados y vamos a tomar decisiones para la seguridad desde nuestra localidad\u201d.<\/p>\n","protected":false},"excerpt":{"rendered":"<p>El Ministro de Seguridad Jorge Lagna firm\u00f3 un convenio marco de colaboraci\u00f3n con el Intendente Rub\u00e9n Cuello para, entre otras cosas, realizar el mantenimiento y reparaci\u00f3n de m\u00f3viles policiales y para la&#46;&#46;&#46;<\/p>\n","protected":false},"author":1,"featured_media":13601,"comment_status":"closed","ping_status":"closed","sticky":false,"template":"","format":"standard","meta":[],"categories":[2,3,16,10],"tags":[],"_links":{"self":[{"href":"https:\/\/www.revistarescatados.com.ar\/web\/wp-json\/wp\/v2\/posts\/13600"}],"collection":[{"href":"https:\/\/www.revistarescatados.com.ar\/web\/wp-json\/wp\/v2\/posts"}],"about":[{"href":"https:\/\/www.revistarescatados.com.ar\/web\/wp-json\/wp\/v2\/types\/post"}],"author":[{"embeddable":true,"href":"https:\/\/www.revistarescatados.com.ar\/web\/wp-json\/wp\/v2\/users\/1"}],"replies":[{"embeddable":true,"href":"https:\/\/www.revistarescatados.com.ar\/web\/wp-json\/wp\/v2\/comments?post=13600"}],"version-history":[{"count":2,"href":"https:\/\/www.revistarescatados.com.ar\/web\/wp-json\/wp\/v2\/posts\/13600\/revisions"}],"predecessor-version":[{"id":13616,"href":"https:\/\/www.revistarescatados.com.ar\/web\/wp-json\/wp\/v2\/posts\/13600\/revisions\/13616"}],"wp:featuredmedia":[{"embeddable":true,"href":"https:\/\/www.revistarescatados.com.ar\/web\/wp-json\/wp\/v2\/media\/13601"}],"wp:attachment":[{"href":"https:\/\/www.revistarescatados.com.ar\/web\/wp-json\/wp\/v2\/media?parent=13600"}],"wp:term":[{"taxonomy":"category","embeddable":true,"href":"https:\/\/www.revistarescatados.com.ar\/web\/wp-json\/wp\/v2\/categories?post=13600"},{"taxonomy":"post_tag","embeddable":true,"href":"https:\/\/www.revistarescatados.com.ar\/web\/wp-json\/wp\/v2\/tags?post=13600"}],"curies":[{"name":"wp","href":"https:\/\/api.w.org\/{rel}","templated":true}]}}