{"id":13604,"date":"2021-04-23T15:53:53","date_gmt":"2021-04-23T18:53:53","guid":{"rendered":"http:\/\/www.revistarescatados.com.ar\/web\/?p=13604"},"modified":"2021-04-23T15:55:41","modified_gmt":"2021-04-23T18:55:41","slug":"ya-rigen-las-nuevas-restricciones-por-covid-19-en-calchaqui","status":"publish","type":"post","link":"https:\/\/www.revistarescatados.com.ar\/web\/2021\/04\/23\/ya-rigen-las-nuevas-restricciones-por-covid-19-en-calchaqui\/","title":{"rendered":"Ya rigen las nuevas restricciones por Covid-19 en Calchaqu\u00ed"},"content":{"rendered":"\n<p><strong><span class=\"has-inline-color has-vivid-red-color\">Mediante el decreto N\u00b0 028, el municipio de Calchaqu\u00ed adhiri\u00f3 a las disposiciones provinciales que suspenden la circulaci\u00f3n vehicular de 21 a 6 de la ma\u00f1ana, cierre de comercios minoristas de alimentos a las 20 horas y bares a las 24 horas; entre otras medidas hasta el 2 de mayo.<\/span><\/strong><\/p>\n\n\n\n<figure class=\"wp-block-image size-large\"><img loading=\"lazy\" width=\"1024\" height=\"577\" src=\"http:\/\/www.revistarescatados.com.ar\/web\/wp-content\/uploads\/2021\/01\/Calchaqui-cartel-1024x577.jpg\" alt=\"\" class=\"wp-image-12365\" srcset=\"https:\/\/www.revistarescatados.com.ar\/web\/wp-content\/uploads\/2021\/01\/Calchaqui-cartel-1024x577.jpg 1024w, https:\/\/www.revistarescatados.com.ar\/web\/wp-content\/uploads\/2021\/01\/Calchaqui-cartel-300x169.jpg 300w, https:\/\/www.revistarescatados.com.ar\/web\/wp-content\/uploads\/2021\/01\/Calchaqui-cartel-768x433.jpg 768w, https:\/\/www.revistarescatados.com.ar\/web\/wp-content\/uploads\/2021\/01\/Calchaqui-cartel.jpg 1080w\" sizes=\"(max-width: 1024px) 100vw, 1024px\" \/><\/figure>\n\n\n\n<p><strong>Visto:<\/strong><\/p>\n\n\n\n<p>El Decreto N\u00b0 0386\/21 del Superior Gobierno de la Provincia de Santa Fe, que establece restricciones en atenci\u00f3n a la situaci\u00f3n epidemiol\u00f3gica existente con respecto al COVID-19;<\/p>\n\n\n\n<p><strong>Considerando:<\/strong><\/p>\n\n\n\n<p>Que la citada norma se dicta en el marco del Decreto N\u00ba 0280\/21, por el que la Provincia de Santa Fe adhiri\u00f3 a las disposiciones del Decreto de Necesidad y Urgencia (DNU) N\u00b0 235\/21, y establece medidas de prevenci\u00f3n a fin de mitigar la propagaci\u00f3n del virus SARS-CoV-2;<\/p>\n\n\n\n<p>Que el expresado Decreto se fundamenta en el contexto de la actual situaci\u00f3n epidemiol\u00f3gica, marcada por el crecimiento de los contagios de COVID-19, con incremento de infectados j\u00f3venes, con tensi\u00f3n en el sistema de salud por la ocupaci\u00f3n de camas cr\u00edticas por personas contagiadas en circunstancias prevenibles y el estr\u00e9s del personal de salud despu\u00e9s de m\u00e1s de un a\u00f1o de labor intensa, exigente e ininterrumpida;<\/p>\n\n\n\n<p>Que resulta conveniente e impostergable adoptar medidas transitorias para evitar la circulaci\u00f3n de personas, y la consecuente<br>dispersi\u00f3n del virus COVID-19, cuyas variantes en 2021 son m\u00e1s contagiosas y agresivas para la salud;<\/p>\n\n\n\n<p>Que las medidas adoptadas tanto por el Gobierno Nacional como as\u00ed de la Provincia de Santa Fe son el resultado de las consultas efectuadas y las opiniones recabadas con expertos del \u00e1rea salud y autoridades locales;<\/p>\n\n\n\n<p>POR TODO ELLO:<\/p>\n\n\n\n<p>EL SE\u00d1OR INTENDENTE MUNICIPAL DE CALCHAQU\u00cd<\/p>\n\n\n\n<p>DECRETA:<\/p>\n\n\n\n<p>ART\u00cdCULO PRIMERO: Adhi\u00e9rase la Municipalidad de Calchaqu\u00ed al Decreto Provincial N\u00b0 0386\/21, aplic\u00e1ndose las medidas adoptadas en todo el \u00e1mbito del Distrito Calchaqu\u00ed.<\/p>\n\n\n\n<p>ART\u00cdCULO SEGUNDO: Ejecut\u00e9nse los procedimientos de fiscalizaci\u00f3n necesarios para garantizar el cumplimiento de las medidas dispuestas en el referido decreto, a trav\u00e9s de las diferentes \u00e1reas y\/o secciones de la Municipalidad de Calchaqu\u00ed en<br>colaboraci\u00f3n y\/o coordinaci\u00f3n con las autoridades de la Provincia de Santa Fe.<\/p>\n\n\n\n<p>ART\u00cdCULO TERCERO: El presente decreto ser\u00e1 refrendado por el se\u00f1or Secretario Institucional, Adri\u00e1n Alfredo Spreggero.<\/p>\n\n\n\n<p>ART\u00cdCULO CUARTO: Reg\u00edstrese, h\u00e1gase saber y luego arch\u00edvese.<\/p>\n\n\n\n<p>DADO EN EL DESPACHO DEL SE\u00d1OR INTENDENTE MUNICIPAL DE CALCHAQU\u00cd A LOS VEINTID\u00d3S D\u00cdAS DEL MES DE ABRIL DEL A\u00d1O DOS MIL VEINTIUNO.<\/p>\n","protected":false},"excerpt":{"rendered":"<p>Mediante el decreto N\u00b0 028, el municipio de Calchaqu\u00ed adhiri\u00f3 a las disposiciones provinciales que suspenden la circulaci\u00f3n vehicular de 21 a 6 de la ma\u00f1ana, cierre de comercios minoristas de alimentos&#46;&#46;&#46;<\/p>\n","protected":false},"author":1,"featured_media":12365,"comment_status":"closed","ping_status":"closed","sticky":false,"template":"","format":"standard","meta":[],"categories":[2,3,16,8],"tags":[],"_links":{"self":[{"href":"https:\/\/www.revistarescatados.com.ar\/web\/wp-json\/wp\/v2\/posts\/13604"}],"collection":[{"href":"https:\/\/www.revistarescatados.com.ar\/web\/wp-json\/wp\/v2\/posts"}],"about":[{"href":"https:\/\/www.revistarescatados.com.ar\/web\/wp-json\/wp\/v2\/types\/post"}],"author":[{"embeddable":true,"href":"https:\/\/www.revistarescatados.com.ar\/web\/wp-json\/wp\/v2\/users\/1"}],"replies":[{"embeddable":true,"href":"https:\/\/www.revistarescatados.com.ar\/web\/wp-json\/wp\/v2\/comments?post=13604"}],"version-history":[{"count":2,"href":"https:\/\/www.revistarescatados.com.ar\/web\/wp-json\/wp\/v2\/posts\/13604\/revisions"}],"predecessor-version":[{"id":13606,"href":"https:\/\/www.revistarescatados.com.ar\/web\/wp-json\/wp\/v2\/posts\/13604\/revisions\/13606"}],"wp:featuredmedia":[{"embeddable":true,"href":"https:\/\/www.revistarescatados.com.ar\/web\/wp-json\/wp\/v2\/media\/12365"}],"wp:attachment":[{"href":"https:\/\/www.revistarescatados.com.ar\/web\/wp-json\/wp\/v2\/media?parent=13604"}],"wp:term":[{"taxonomy":"category","embeddable":true,"href":"https:\/\/www.revistarescatados.com.ar\/web\/wp-json\/wp\/v2\/categories?post=13604"},{"taxonomy":"post_tag","embeddable":true,"href":"https:\/\/www.revistarescatados.com.ar\/web\/wp-json\/wp\/v2\/tags?post=13604"}],"curies":[{"name":"wp","href":"https:\/\/api.w.org\/{rel}","templated":true}]}}