{"id":13652,"date":"2021-04-27T16:58:13","date_gmt":"2021-04-27T19:58:13","guid":{"rendered":"http:\/\/www.revistarescatados.com.ar\/web\/?p=13652"},"modified":"2021-04-27T16:58:32","modified_gmt":"2021-04-27T19:58:32","slug":"locro-comunitario-para-celebrar-la-hermandad-de-los-pueblos-originarios-de-calcha","status":"publish","type":"post","link":"https:\/\/www.revistarescatados.com.ar\/web\/2021\/04\/27\/locro-comunitario-para-celebrar-la-hermandad-de-los-pueblos-originarios-de-calcha\/","title":{"rendered":"Locro comunitario para celebrar la hermandad de los pueblos originarios de Calchaqu\u00ed"},"content":{"rendered":"\n<p><strong><span class=\"has-inline-color has-vivid-red-color\">El pasado domingo, con el apoyo del senador Sosa, se llev\u00f3 a cabo  un locro comunitario  en la comunidad Comcayaripy. Sirvi\u00f3 como cierre de las actividades en conmemoraci\u00f3n de las festividades por el mes de los pueblos originarios de Am\u00e9rica.<\/span><\/strong> <\/p>\n\n\n\n<figure class=\"wp-block-image size-large\"><img loading=\"lazy\" width=\"720\" height=\"466\" src=\"http:\/\/www.revistarescatados.com.ar\/web\/wp-content\/uploads\/2021\/04\/Locro-comunitario.jpg\" alt=\"\" class=\"wp-image-13653\" srcset=\"https:\/\/www.revistarescatados.com.ar\/web\/wp-content\/uploads\/2021\/04\/Locro-comunitario.jpg 720w, https:\/\/www.revistarescatados.com.ar\/web\/wp-content\/uploads\/2021\/04\/Locro-comunitario-300x194.jpg 300w\" sizes=\"(max-width: 720px) 100vw, 720px\" \/><\/figure>\n\n\n\n<p><\/p>\n\n\n\n<p>La comisi\u00f3n de la comunidad Comcaiaripi de Calchaqu\u00ed, agradeci\u00f3 al Senador Osvaldo Sosa y su equipo territorial por el acompa\u00f1amiento y el aporte de insumos para dicha jornada.<\/p>\n\n\n\n<figure class=\"wp-block-image size-large\"><img loading=\"lazy\" width=\"1024\" height=\"576\" src=\"http:\/\/www.revistarescatados.com.ar\/web\/wp-content\/uploads\/2021\/04\/Locro-1024x576.jpg\" alt=\"\" class=\"wp-image-13654\" srcset=\"https:\/\/www.revistarescatados.com.ar\/web\/wp-content\/uploads\/2021\/04\/Locro-1024x576.jpg 1024w, https:\/\/www.revistarescatados.com.ar\/web\/wp-content\/uploads\/2021\/04\/Locro-300x169.jpg 300w, https:\/\/www.revistarescatados.com.ar\/web\/wp-content\/uploads\/2021\/04\/Locro-768x432.jpg 768w, https:\/\/www.revistarescatados.com.ar\/web\/wp-content\/uploads\/2021\/04\/Locro.jpg 1280w\" sizes=\"(max-width: 1024px) 100vw, 1024px\" \/><\/figure>\n\n\n\n<p><\/p>\n","protected":false},"excerpt":{"rendered":"<p>El pasado domingo, con el apoyo del senador Sosa, se llev\u00f3 a cabo un locro comunitario en la comunidad Comcayaripy. Sirvi\u00f3 como cierre de las actividades en conmemoraci\u00f3n de las festividades por&#46;&#46;&#46;<\/p>\n","protected":false},"author":1,"featured_media":13653,"comment_status":"closed","ping_status":"closed","sticky":false,"template":"","format":"standard","meta":[],"categories":[2,7,3,16,8],"tags":[],"_links":{"self":[{"href":"https:\/\/www.revistarescatados.com.ar\/web\/wp-json\/wp\/v2\/posts\/13652"}],"collection":[{"href":"https:\/\/www.revistarescatados.com.ar\/web\/wp-json\/wp\/v2\/posts"}],"about":[{"href":"https:\/\/www.revistarescatados.com.ar\/web\/wp-json\/wp\/v2\/types\/post"}],"author":[{"embeddable":true,"href":"https:\/\/www.revistarescatados.com.ar\/web\/wp-json\/wp\/v2\/users\/1"}],"replies":[{"embeddable":true,"href":"https:\/\/www.revistarescatados.com.ar\/web\/wp-json\/wp\/v2\/comments?post=13652"}],"version-history":[{"count":2,"href":"https:\/\/www.revistarescatados.com.ar\/web\/wp-json\/wp\/v2\/posts\/13652\/revisions"}],"predecessor-version":[{"id":13656,"href":"https:\/\/www.revistarescatados.com.ar\/web\/wp-json\/wp\/v2\/posts\/13652\/revisions\/13656"}],"wp:featuredmedia":[{"embeddable":true,"href":"https:\/\/www.revistarescatados.com.ar\/web\/wp-json\/wp\/v2\/media\/13653"}],"wp:attachment":[{"href":"https:\/\/www.revistarescatados.com.ar\/web\/wp-json\/wp\/v2\/media?parent=13652"}],"wp:term":[{"taxonomy":"category","embeddable":true,"href":"https:\/\/www.revistarescatados.com.ar\/web\/wp-json\/wp\/v2\/categories?post=13652"},{"taxonomy":"post_tag","embeddable":true,"href":"https:\/\/www.revistarescatados.com.ar\/web\/wp-json\/wp\/v2\/tags?post=13652"}],"curies":[{"name":"wp","href":"https:\/\/api.w.org\/{rel}","templated":true}]}}