{"id":13712,"date":"2021-05-03T00:24:02","date_gmt":"2021-05-03T03:24:02","guid":{"rendered":"http:\/\/www.revistarescatados.com.ar\/web\/?p=13712"},"modified":"2021-05-03T00:24:08","modified_gmt":"2021-05-03T03:24:08","slug":"volco-un-camioneta-y-fallecio-su-conductor-en-una-canada-de-calchaqui","status":"publish","type":"post","link":"https:\/\/www.revistarescatados.com.ar\/web\/2021\/05\/03\/volco-un-camioneta-y-fallecio-su-conductor-en-una-canada-de-calchaqui\/","title":{"rendered":"Volc\u00f3 un camioneta y falleci\u00f3 su conductor en una ca\u00f1ada de Calchaqu\u00ed"},"content":{"rendered":"\n<p><strong><span class=\"has-inline-color has-vivid-red-color\">En la siesta del domingo se produjo el siniestro vial en la ruta 38, en la conocida Ca\u00f1ada de Uribe. Una camioneta Ford Ranger perdi\u00f3 el control y volc\u00f3. Fue por causa de una cardipat\u00eda del conductor de 87 a\u00f1os,  seg\u00fan dictamin\u00f3 el medico policial. Fue identificado como Rub\u00e9n Ambrosio Ruiz de Az\u00faa.<\/span><\/strong><\/p>\n\n\n\n<figure class=\"wp-block-image size-large\"><img loading=\"lazy\" width=\"971\" height=\"492\" src=\"http:\/\/www.revistarescatados.com.ar\/web\/wp-content\/uploads\/2021\/05\/Ruben-Azua.png\" alt=\"\" class=\"wp-image-13716\" srcset=\"https:\/\/www.revistarescatados.com.ar\/web\/wp-content\/uploads\/2021\/05\/Ruben-Azua.png 971w, https:\/\/www.revistarescatados.com.ar\/web\/wp-content\/uploads\/2021\/05\/Ruben-Azua-300x152.png 300w, https:\/\/www.revistarescatados.com.ar\/web\/wp-content\/uploads\/2021\/05\/Ruben-Azua-768x389.png 768w\" sizes=\"(max-width: 971px) 100vw, 971px\" \/><\/figure>\n\n\n\n<p><br>Alrededor de las 13,40 horas, de este domingo 2 de mayo, un llamado an\u00f3nimo &#8211; de un hombre no identificado &#8211; alert\u00f3 a la polic\u00eda local sobre un accidente de tr\u00e1nsito ocurrido en zona rural, m\u00e1s precisamente sobre la Ruta Pcial. N\u00b0 38 \u201cS\u201d sentido Oeste. <\/p>\n\n\n\n<p> Personal Policial de la comisar\u00eda II, parti\u00f3 hacia el lugar junto a la ambulancia del SEM (Servicio de Emergencias Municipal),.<\/p>\n\n\n\n<p> Por causas que se tratan de establecer se hab\u00eda producido el vuelco de una camioneta de marca FORD RANGER DOBLE CABINA, COLOR NEGRA, DOMINIO JLM-056, quien se encontraba a la vera Sur de la ruta. El rodado presentaba  da\u00f1os en su estructura.<\/p>\n\n\n\n<p><\/p>\n\n\n\n<figure class=\"wp-block-image size-large\"><img loading=\"lazy\" width=\"1024\" height=\"768\" src=\"http:\/\/www.revistarescatados.com.ar\/web\/wp-content\/uploads\/2021\/05\/CAMIONETA-A-CALCHAQUI-1024x768.jpeg\" alt=\"\" class=\"wp-image-13713\" srcset=\"https:\/\/www.revistarescatados.com.ar\/web\/wp-content\/uploads\/2021\/05\/CAMIONETA-A-CALCHAQUI-1024x768.jpeg 1024w, https:\/\/www.revistarescatados.com.ar\/web\/wp-content\/uploads\/2021\/05\/CAMIONETA-A-CALCHAQUI-300x225.jpeg 300w, https:\/\/www.revistarescatados.com.ar\/web\/wp-content\/uploads\/2021\/05\/CAMIONETA-A-CALCHAQUI-768x576.jpeg 768w, https:\/\/www.revistarescatados.com.ar\/web\/wp-content\/uploads\/2021\/05\/CAMIONETA-A-CALCHAQUI.jpeg 1032w\" sizes=\"(max-width: 1024px) 100vw, 1024px\" \/><\/figure>\n\n\n\n<p> Los polic\u00edas junto al personal del (SEM) ingresan a la ca\u00f1ada  donde se encontraba este rodado y pueden visualizar a un hombre en la parte de la cabina, que se hallaba inm\u00f3vil.<\/p>\n\n\n\n<p> Por lo que se le procede a constatar si ten\u00eda signos vitales  con distintos elementos, pudiendo ver que esta persona no ten\u00eda signos vitales.  Por tal motivo se llama al medico policial al lugar, fines proceda a examinar el cuerpo en cuesti\u00f3n. <\/p>\n\n\n\n<p><\/p>\n\n\n\n<figure class=\"wp-block-image size-large\"><img loading=\"lazy\" width=\"780\" height=\"597\" src=\"http:\/\/www.revistarescatados.com.ar\/web\/wp-content\/uploads\/2021\/05\/CAMIONETA-A-CALCHAQUI-1.jpg\" alt=\"\" class=\"wp-image-13714\" srcset=\"https:\/\/www.revistarescatados.com.ar\/web\/wp-content\/uploads\/2021\/05\/CAMIONETA-A-CALCHAQUI-1.jpg 780w, https:\/\/www.revistarescatados.com.ar\/web\/wp-content\/uploads\/2021\/05\/CAMIONETA-A-CALCHAQUI-1-300x230.jpg 300w, https:\/\/www.revistarescatados.com.ar\/web\/wp-content\/uploads\/2021\/05\/CAMIONETA-A-CALCHAQUI-1-768x588.jpg 768w\" sizes=\"(max-width: 780px) 100vw, 780px\" \/><\/figure>\n\n\n\n<p>Se pudo identificar al conductor como RUB\u00c9N AMBROSIO RUIZ DE AZUA, de 87 a\u00f1os. Posteriormente se hace presente en el lugar el medico policial. quien procedi\u00f3 a examin\u00f3 el cuerpo y dictamin\u00f3 MUERTE NATURAL (CARDIOPAT\u00cdA),y no aconsej\u00f3 autopsia. <\/p>\n\n\n\n<p>El fiscal en turno orden\u00f3 que una vez culminadas las diligencias, el cuerpo de quien en vida fuera RUBEN AMBROSIO RUIZ DE AZUA, sea entregado a sus familiares para su sepelio y posterior inhumaci\u00f3n.<\/p>\n","protected":false},"excerpt":{"rendered":"<p>En la siesta del domingo se produjo el siniestro vial en la ruta 38, en la conocida Ca\u00f1ada de Uribe. Una camioneta Ford Ranger perdi\u00f3 el control y volc\u00f3. Fue por causa&#46;&#46;&#46;<\/p>\n","protected":false},"author":1,"featured_media":13716,"comment_status":"closed","ping_status":"closed","sticky":false,"template":"","format":"standard","meta":[],"categories":[2,3,16,11],"tags":[],"_links":{"self":[{"href":"https:\/\/www.revistarescatados.com.ar\/web\/wp-json\/wp\/v2\/posts\/13712"}],"collection":[{"href":"https:\/\/www.revistarescatados.com.ar\/web\/wp-json\/wp\/v2\/posts"}],"about":[{"href":"https:\/\/www.revistarescatados.com.ar\/web\/wp-json\/wp\/v2\/types\/post"}],"author":[{"embeddable":true,"href":"https:\/\/www.revistarescatados.com.ar\/web\/wp-json\/wp\/v2\/users\/1"}],"replies":[{"embeddable":true,"href":"https:\/\/www.revistarescatados.com.ar\/web\/wp-json\/wp\/v2\/comments?post=13712"}],"version-history":[{"count":1,"href":"https:\/\/www.revistarescatados.com.ar\/web\/wp-json\/wp\/v2\/posts\/13712\/revisions"}],"predecessor-version":[{"id":13718,"href":"https:\/\/www.revistarescatados.com.ar\/web\/wp-json\/wp\/v2\/posts\/13712\/revisions\/13718"}],"wp:featuredmedia":[{"embeddable":true,"href":"https:\/\/www.revistarescatados.com.ar\/web\/wp-json\/wp\/v2\/media\/13716"}],"wp:attachment":[{"href":"https:\/\/www.revistarescatados.com.ar\/web\/wp-json\/wp\/v2\/media?parent=13712"}],"wp:term":[{"taxonomy":"category","embeddable":true,"href":"https:\/\/www.revistarescatados.com.ar\/web\/wp-json\/wp\/v2\/categories?post=13712"},{"taxonomy":"post_tag","embeddable":true,"href":"https:\/\/www.revistarescatados.com.ar\/web\/wp-json\/wp\/v2\/tags?post=13712"}],"curies":[{"name":"wp","href":"https:\/\/api.w.org\/{rel}","templated":true}]}}