{"id":13753,"date":"2021-05-05T00:26:22","date_gmt":"2021-05-05T03:26:22","guid":{"rendered":"http:\/\/www.revistarescatados.com.ar\/web\/?p=13753"},"modified":"2021-05-05T00:26:28","modified_gmt":"2021-05-05T03:26:28","slug":"el-senador-nacional-roberto-mirabella-visito-calchaqui","status":"publish","type":"post","link":"https:\/\/www.revistarescatados.com.ar\/web\/2021\/05\/05\/el-senador-nacional-roberto-mirabella-visito-calchaqui\/","title":{"rendered":"El senador nacional Roberto Mirabella visit\u00f3 Calchaqu\u00ed"},"content":{"rendered":"\n<p><\/p>\n\n\n\n<p><strong><span class=\"has-inline-color has-vivid-red-color\">El senador nacional por Santa Fe Roberto Mirabella acompa\u00f1\u00f3 en la ciudad de Calchaqu\u00ed al ministro de Producci\u00f3n, Ciencia y Tecnolog\u00eda, Daniel Costamagna, y al intendente Rub\u00e9n Cuello en la entrega de aportes no reembolsables a 31 peque\u00f1os productores por un monto superior total superior a los 2.500.000 de pesos.<\/span><\/strong><\/p>\n\n\n\n<figure class=\"wp-block-image size-large\"><img loading=\"lazy\" width=\"1024\" height=\"682\" src=\"http:\/\/www.revistarescatados.com.ar\/web\/wp-content\/uploads\/2021\/05\/Roberto-Mirabella_4.5.2021-1024x682.jpeg\" alt=\"\" class=\"wp-image-13754\" srcset=\"https:\/\/www.revistarescatados.com.ar\/web\/wp-content\/uploads\/2021\/05\/Roberto-Mirabella_4.5.2021-1024x682.jpeg 1024w, https:\/\/www.revistarescatados.com.ar\/web\/wp-content\/uploads\/2021\/05\/Roberto-Mirabella_4.5.2021-300x200.jpeg 300w, https:\/\/www.revistarescatados.com.ar\/web\/wp-content\/uploads\/2021\/05\/Roberto-Mirabella_4.5.2021-768x511.jpeg 768w, https:\/\/www.revistarescatados.com.ar\/web\/wp-content\/uploads\/2021\/05\/Roberto-Mirabella_4.5.2021.jpeg 1280w\" sizes=\"(max-width: 1024px) 100vw, 1024px\" \/><\/figure>\n\n\n\n<p>Al respecto, Mirabella expres\u00f3 que &#8220;hay un esfuerzo muy grande del gobierno provincial que encabeza Omar Perotti de poner a disposici\u00f3n no solamente inversi\u00f3n en infraestructura, en capacitar nuestros recursos humanos sino tambi\u00e9n en posibilitar el acceso al cr\u00e9dito o en este caso de aportes no reembolsables para peque\u00f1os productores que son el sost\u00e9n y el coraz\u00f3n de la econom\u00eda santafesina&#8221;.<\/p>\n\n\n\n<p>Asimismo, el legislador nacional sostuvo que &#8220;estamos en un momento y en una coyuntura muy compleja, muy dif\u00edcil&#8221; y remarc\u00f3 que &#8220;lo que tenemos que lograr es que la actividad econ\u00f3mica no decaiga, que no decaiga el empleo, que no decaiga todo el sistema productivo santafesino que es muy grande, muy importante, muy diversificado&#8221;.<\/p>\n\n\n\n<p>&#8220;Siempre decimos con el Gobernador Omar Perotti que no hay mejor pol\u00edtica social que la creaci\u00f3n de un puesto de trabajo. Y esto se logra de esta manera: tratando de apuntalar, fortalecer, apalancar al sistema productivo santafesino. Esto se hace con obras de inversi\u00f3n en infraestructura, en energ\u00eda, con acceso al cr\u00e9dito, con capacitaci\u00f3n de nuestros recursos humanos, trabajando codo a codo con cada uno de los municipios de la Provincia&#8221;, continu\u00f3.<\/p>\n\n\n\n<p>Adem\u00e1s, Mirabella expres\u00f3 la importancia de Billetera Santa Fe ya que &#8220;hay mucha gente que no llega a fin de mes y esto le permite tener un respiro y un alivio al bolsillo&#8221; y subray\u00f3 que &#8220;est\u00e1 teniendo un resultado muy importante&#8221;. &#8220;Gener\u00f3 compras por 2300 millones de pesos. O sea, gener\u00f3 un movimiento de consumo muy importante, que significa un c\u00edrculo virtuoso de mayor demanda, mayor producci\u00f3n, mayor actividad, mayor empleo&#8221;, agreg\u00f3.<\/p>\n\n\n\n<p>Tambi\u00e9n record\u00f3 la implementaci\u00f3n del Boleto Educativo Gratuito y remarc\u00f3 que &#8220;hay un mont\u00f3n de pol\u00edticas p\u00fablicas hoy implementadas&#8221;. &#8220;Entonces no solamente estas pol\u00edticas de asistir financieramente para sostener a los peque\u00f1os productores sino con otras pol\u00edticas de incentivar el consumo y mejorar la capacidad adquisitiva.&#8221;, sum\u00f3.<\/p>\n\n\n\n<p>En tanto, el ministro de Producci\u00f3n, Ciencia y Tecnolog\u00eda, Daniel Costamagna, celebr\u00f3 que es una jornada con &#8220;gran alegr\u00eda&#8221; y asegur\u00f3 que se trata de &#8220;un financiamiento que realmente no tiene precedentes en la historia de la Provincia de Santa Fe&#8221;. &#8220;Esto tiene que ver mucho con ese esp\u00edritu productivista que se tiene desde la Gesti\u00f3n de Omar y que tiene que ver con lo que uno siente y percibe en la Provincia de Santa Fe&#8221;, complet\u00f3.<\/p>\n\n\n\n<p>Durante la jornada, Mirabella tambi\u00e9n visit\u00f3 la ciudad de Vera particip\u00f3 de la entrega de Tarjetas de Santa Fe M\u00e1s, el programa del gobierno provincial para formaci\u00f3n e inserci\u00f3n en el mundo del trabajo de j\u00f3venes de 16 a 30 a\u00f1os, y luego se dirigi\u00f3 a San Justo donde visit\u00f3 obras de infraestructura escolar.<\/p>\n","protected":false},"excerpt":{"rendered":"<p>El senador nacional por Santa Fe Roberto Mirabella acompa\u00f1\u00f3 en la ciudad de Calchaqu\u00ed al ministro de Producci\u00f3n, Ciencia y Tecnolog\u00eda, Daniel Costamagna, y al intendente Rub\u00e9n Cuello en la entrega de&#46;&#46;&#46;<\/p>\n","protected":false},"author":1,"featured_media":13754,"comment_status":"closed","ping_status":"closed","sticky":false,"template":"","format":"standard","meta":[],"categories":[2,3,16,13],"tags":[],"_links":{"self":[{"href":"https:\/\/www.revistarescatados.com.ar\/web\/wp-json\/wp\/v2\/posts\/13753"}],"collection":[{"href":"https:\/\/www.revistarescatados.com.ar\/web\/wp-json\/wp\/v2\/posts"}],"about":[{"href":"https:\/\/www.revistarescatados.com.ar\/web\/wp-json\/wp\/v2\/types\/post"}],"author":[{"embeddable":true,"href":"https:\/\/www.revistarescatados.com.ar\/web\/wp-json\/wp\/v2\/users\/1"}],"replies":[{"embeddable":true,"href":"https:\/\/www.revistarescatados.com.ar\/web\/wp-json\/wp\/v2\/comments?post=13753"}],"version-history":[{"count":1,"href":"https:\/\/www.revistarescatados.com.ar\/web\/wp-json\/wp\/v2\/posts\/13753\/revisions"}],"predecessor-version":[{"id":13755,"href":"https:\/\/www.revistarescatados.com.ar\/web\/wp-json\/wp\/v2\/posts\/13753\/revisions\/13755"}],"wp:featuredmedia":[{"embeddable":true,"href":"https:\/\/www.revistarescatados.com.ar\/web\/wp-json\/wp\/v2\/media\/13754"}],"wp:attachment":[{"href":"https:\/\/www.revistarescatados.com.ar\/web\/wp-json\/wp\/v2\/media?parent=13753"}],"wp:term":[{"taxonomy":"category","embeddable":true,"href":"https:\/\/www.revistarescatados.com.ar\/web\/wp-json\/wp\/v2\/categories?post=13753"},{"taxonomy":"post_tag","embeddable":true,"href":"https:\/\/www.revistarescatados.com.ar\/web\/wp-json\/wp\/v2\/tags?post=13753"}],"curies":[{"name":"wp","href":"https:\/\/api.w.org\/{rel}","templated":true}]}}