{"id":13825,"date":"2021-05-12T00:30:13","date_gmt":"2021-05-12T03:30:13","guid":{"rendered":"http:\/\/www.revistarescatados.com.ar\/web\/?p=13825"},"modified":"2021-05-12T00:30:19","modified_gmt":"2021-05-12T03:30:19","slug":"alumnos-de-la-escuela-no-6117-promueven-una-actitud-comunitaria-responsable-ante-la-pandemia","status":"publish","type":"post","link":"https:\/\/www.revistarescatados.com.ar\/web\/2021\/05\/12\/alumnos-de-la-escuela-no-6117-promueven-una-actitud-comunitaria-responsable-ante-la-pandemia\/","title":{"rendered":"Alumnos de la escuela N\u00ba 6117 promueven una actitud comunitaria responsable ante la pandemia"},"content":{"rendered":"\n<p><span class=\"has-inline-color has-vivid-red-color\">Todos los grados realizaron distintas actividades en el marco de las  &#8220;Jornadas escolares solidarias para fortalecer la presencialidad ciudadana&#8221;. Realizan videos, carteles y difusi\u00f3n en medios de comunicaci\u00f3n locales bajo el lema: \u00a1No bajes la guardia!.<\/span><\/p>\n\n\n\n<figure class=\"wp-block-image size-large\"><img loading=\"lazy\" width=\"1024\" height=\"576\" src=\"http:\/\/www.revistarescatados.com.ar\/web\/wp-content\/uploads\/2021\/05\/CARTEL-COVID-19-1-1024x576.jpg\" alt=\"\" class=\"wp-image-13826\" srcset=\"https:\/\/www.revistarescatados.com.ar\/web\/wp-content\/uploads\/2021\/05\/CARTEL-COVID-19-1-1024x576.jpg 1024w, https:\/\/www.revistarescatados.com.ar\/web\/wp-content\/uploads\/2021\/05\/CARTEL-COVID-19-1-300x169.jpg 300w, https:\/\/www.revistarescatados.com.ar\/web\/wp-content\/uploads\/2021\/05\/CARTEL-COVID-19-1-768x432.jpg 768w, https:\/\/www.revistarescatados.com.ar\/web\/wp-content\/uploads\/2021\/05\/CARTEL-COVID-19-1.jpg 1280w\" sizes=\"(max-width: 1024px) 100vw, 1024px\" \/><\/figure>\n\n\n\n<p><br>La directora de la Escuela Provincial N 6117 &#8220;Remedios Escalada de San Mart\u00edn&#8221; &#8211; Maricel Chantiri &#8211; dio detalles de la propuesta emanada del Ministerio de Educaci\u00f3n provincial que procura mantener las clases presenciales, si logra controlarse un nivel bajo de nuevos contagios. A mediados de abril, baj\u00f3 la circular a la escuela que tras la capacitaci\u00f3n docente pudo llegar al alumnado en dos jornadas.<\/p>\n\n\n\n<p><\/p>\n\n\n\n<figure class=\"wp-block-image size-large\"><img loading=\"lazy\" width=\"1024\" height=\"576\" src=\"http:\/\/www.revistarescatados.com.ar\/web\/wp-content\/uploads\/2021\/05\/CARTEL-COVID-19-1024x576.jpg\" alt=\"\" class=\"wp-image-13827\" srcset=\"https:\/\/www.revistarescatados.com.ar\/web\/wp-content\/uploads\/2021\/05\/CARTEL-COVID-19-1024x576.jpg 1024w, https:\/\/www.revistarescatados.com.ar\/web\/wp-content\/uploads\/2021\/05\/CARTEL-COVID-19-300x169.jpg 300w, https:\/\/www.revistarescatados.com.ar\/web\/wp-content\/uploads\/2021\/05\/CARTEL-COVID-19-768x432.jpg 768w, https:\/\/www.revistarescatados.com.ar\/web\/wp-content\/uploads\/2021\/05\/CARTEL-COVID-19.jpg 1280w\" sizes=\"(max-width: 1024px) 100vw, 1024px\" \/><\/figure>\n\n\n\n<p>&#8220;Se trata de consolidad una actitud responsable de toda la sociedad en todos los cuidados y protecci\u00f3n para detener el avance de la pandemia. Los ni\u00f1os son los mejores veh\u00edculos para transmitir buenas acciones&#8221;, destaca la directora. Se trabajaron conceptos como salud p\u00fablica, pandemia, virus, covid 19.vacunas, cuidado solidario, responsabilidad civil, anticuerpos, etc.<\/p>\n\n\n\n<figure class=\"wp-block-image size-large\"><img loading=\"lazy\" width=\"648\" height=\"1024\" src=\"http:\/\/www.revistarescatados.com.ar\/web\/wp-content\/uploads\/2021\/05\/CARTEL-COVID-19-2-648x1024.jpg\" alt=\"\" class=\"wp-image-13828\" srcset=\"https:\/\/www.revistarescatados.com.ar\/web\/wp-content\/uploads\/2021\/05\/CARTEL-COVID-19-2-648x1024.jpg 648w, https:\/\/www.revistarescatados.com.ar\/web\/wp-content\/uploads\/2021\/05\/CARTEL-COVID-19-2-190x300.jpg 190w, https:\/\/www.revistarescatados.com.ar\/web\/wp-content\/uploads\/2021\/05\/CARTEL-COVID-19-2-768x1214.jpg 768w, https:\/\/www.revistarescatados.com.ar\/web\/wp-content\/uploads\/2021\/05\/CARTEL-COVID-19-2.jpg 810w\" sizes=\"(max-width: 648px) 100vw, 648px\" \/><\/figure>\n\n\n\n<p><br><br>&#8220;El objetivo es reconocer conductas de la sociedad, reveerlas, corregirlas, destacarlas recomendar el respeto al protocolo para que los ni\u00f1os puedan seguir concurriendo a la escuela. El lema elegido fue \u00a1No bajes la guardia!&#8221;, se\u00f1al\u00f3.<\/p>\n\n\n\n<p>Cabe recordar que la escuela celebr\u00f3 el pasado 1\u00ba de mayo su 110 aniversario y la comunidad educativa est\u00e1 trabajando en un documental para rescatar la historia viva de la instituci\u00f3n.<\/p>\n\n\n\n<p><strong>MIRA UNO DE LOS VIDEOS:<\/strong> <strong><a href=\"https:\/\/www.instagram.com\/tv\/COweUe-DWvZ\/?hl=es-la\">https:\/\/www.instagram.com\/tv\/COweUe-DWvZ\/?hl=es-la<\/a><\/strong><\/p>\n","protected":false},"excerpt":{"rendered":"<p>Todos los grados realizaron distintas actividades en el marco de las &#8220;Jornadas escolares solidarias para fortalecer la presencialidad ciudadana&#8221;. Realizan videos, carteles y difusi\u00f3n en medios de comunicaci\u00f3n locales bajo el lema:&#46;&#46;&#46;<\/p>\n","protected":false},"author":1,"featured_media":13826,"comment_status":"closed","ping_status":"closed","sticky":false,"template":"","format":"standard","meta":[],"categories":[2,3,16,15,10],"tags":[],"_links":{"self":[{"href":"https:\/\/www.revistarescatados.com.ar\/web\/wp-json\/wp\/v2\/posts\/13825"}],"collection":[{"href":"https:\/\/www.revistarescatados.com.ar\/web\/wp-json\/wp\/v2\/posts"}],"about":[{"href":"https:\/\/www.revistarescatados.com.ar\/web\/wp-json\/wp\/v2\/types\/post"}],"author":[{"embeddable":true,"href":"https:\/\/www.revistarescatados.com.ar\/web\/wp-json\/wp\/v2\/users\/1"}],"replies":[{"embeddable":true,"href":"https:\/\/www.revistarescatados.com.ar\/web\/wp-json\/wp\/v2\/comments?post=13825"}],"version-history":[{"count":1,"href":"https:\/\/www.revistarescatados.com.ar\/web\/wp-json\/wp\/v2\/posts\/13825\/revisions"}],"predecessor-version":[{"id":13829,"href":"https:\/\/www.revistarescatados.com.ar\/web\/wp-json\/wp\/v2\/posts\/13825\/revisions\/13829"}],"wp:featuredmedia":[{"embeddable":true,"href":"https:\/\/www.revistarescatados.com.ar\/web\/wp-json\/wp\/v2\/media\/13826"}],"wp:attachment":[{"href":"https:\/\/www.revistarescatados.com.ar\/web\/wp-json\/wp\/v2\/media?parent=13825"}],"wp:term":[{"taxonomy":"category","embeddable":true,"href":"https:\/\/www.revistarescatados.com.ar\/web\/wp-json\/wp\/v2\/categories?post=13825"},{"taxonomy":"post_tag","embeddable":true,"href":"https:\/\/www.revistarescatados.com.ar\/web\/wp-json\/wp\/v2\/tags?post=13825"}],"curies":[{"name":"wp","href":"https:\/\/api.w.org\/{rel}","templated":true}]}}