{"id":13835,"date":"2021-05-12T20:58:52","date_gmt":"2021-05-12T23:58:52","guid":{"rendered":"http:\/\/www.revistarescatados.com.ar\/web\/?p=13835"},"modified":"2021-05-12T20:58:57","modified_gmt":"2021-05-12T23:58:57","slug":"instituciones-de-intiyaco-recibieron-aportes-del-senador-sosa","status":"publish","type":"post","link":"https:\/\/www.revistarescatados.com.ar\/web\/2021\/05\/12\/instituciones-de-intiyaco-recibieron-aportes-del-senador-sosa\/","title":{"rendered":"Instituciones de Intiyaco recibieron aportes del senador Sosa"},"content":{"rendered":"\n<p><strong><span class=\"has-inline-color has-vivid-red-color\">Se realiz\u00f3 la entrega de fondos gestionados para el SAMCO de la localidad y para la Escuela N\u00b06176 \u201cH\u00e9roes de Malvinas\u201d.<\/span><\/strong><\/p>\n\n\n\n<p><\/p>\n\n\n\n<figure class=\"wp-block-image size-large\"><img loading=\"lazy\" width=\"583\" height=\"493\" src=\"http:\/\/www.revistarescatados.com.ar\/web\/wp-content\/uploads\/2021\/05\/Aporte-Intiyaco.jpeg\" alt=\"\" class=\"wp-image-13837\" srcset=\"https:\/\/www.revistarescatados.com.ar\/web\/wp-content\/uploads\/2021\/05\/Aporte-Intiyaco.jpeg 583w, https:\/\/www.revistarescatados.com.ar\/web\/wp-content\/uploads\/2021\/05\/Aporte-Intiyaco-300x254.jpeg 300w\" sizes=\"(max-width: 583px) 100vw, 583px\" \/><\/figure>\n\n\n\n<p>&#8220;Junto a Walter Villalba gestionamos e hicimos entrega de un aporte econ\u00f3mico al SAMCO de Intiyaco, teniendo en cuenta la situaci\u00f3n sanitaria por las que venimos atravesando, y tambi\u00e9n para hacer frente a gastos extraordinarios que surgen de la habitualidad del funcionamiento de los mismos&#8221;, se\u00f1al\u00f3 el senador Sosa.<\/p>\n\n\n\n<figure class=\"wp-block-image size-large\"><img loading=\"lazy\" width=\"1024\" height=\"461\" src=\"http:\/\/www.revistarescatados.com.ar\/web\/wp-content\/uploads\/2021\/05\/Aporte-Intiyaco-1-1024x461.jpeg\" alt=\"\" class=\"wp-image-13836\" srcset=\"https:\/\/www.revistarescatados.com.ar\/web\/wp-content\/uploads\/2021\/05\/Aporte-Intiyaco-1-1024x461.jpeg 1024w, https:\/\/www.revistarescatados.com.ar\/web\/wp-content\/uploads\/2021\/05\/Aporte-Intiyaco-1-300x135.jpeg 300w, https:\/\/www.revistarescatados.com.ar\/web\/wp-content\/uploads\/2021\/05\/Aporte-Intiyaco-1-768x346.jpeg 768w, https:\/\/www.revistarescatados.com.ar\/web\/wp-content\/uploads\/2021\/05\/Aporte-Intiyaco-1.jpeg 1280w\" sizes=\"(max-width: 1024px) 100vw, 1024px\" \/><\/figure>\n\n\n\n<p>A su vez, se concret\u00f3 un aporte para la Escuela N\u00b06176, proveniente del Programa de Fortalecimiento Institucional, con el sentido de acompa\u00f1ar a las instituciones educativas en los gastos ordinarios, de distintas actividades con sentido y orientaci\u00f3n pedag\u00f3gica.<\/p>\n","protected":false},"excerpt":{"rendered":"<p>Se realiz\u00f3 la entrega de fondos gestionados para el SAMCO de la localidad y para la Escuela N\u00b06176 \u201cH\u00e9roes de Malvinas\u201d. &#8220;Junto a Walter Villalba gestionamos e hicimos entrega de un aporte&#46;&#46;&#46;<\/p>\n","protected":false},"author":1,"featured_media":13836,"comment_status":"closed","ping_status":"closed","sticky":false,"template":"","format":"standard","meta":[],"categories":[3,16,15,10],"tags":[],"_links":{"self":[{"href":"https:\/\/www.revistarescatados.com.ar\/web\/wp-json\/wp\/v2\/posts\/13835"}],"collection":[{"href":"https:\/\/www.revistarescatados.com.ar\/web\/wp-json\/wp\/v2\/posts"}],"about":[{"href":"https:\/\/www.revistarescatados.com.ar\/web\/wp-json\/wp\/v2\/types\/post"}],"author":[{"embeddable":true,"href":"https:\/\/www.revistarescatados.com.ar\/web\/wp-json\/wp\/v2\/users\/1"}],"replies":[{"embeddable":true,"href":"https:\/\/www.revistarescatados.com.ar\/web\/wp-json\/wp\/v2\/comments?post=13835"}],"version-history":[{"count":1,"href":"https:\/\/www.revistarescatados.com.ar\/web\/wp-json\/wp\/v2\/posts\/13835\/revisions"}],"predecessor-version":[{"id":13838,"href":"https:\/\/www.revistarescatados.com.ar\/web\/wp-json\/wp\/v2\/posts\/13835\/revisions\/13838"}],"wp:featuredmedia":[{"embeddable":true,"href":"https:\/\/www.revistarescatados.com.ar\/web\/wp-json\/wp\/v2\/media\/13836"}],"wp:attachment":[{"href":"https:\/\/www.revistarescatados.com.ar\/web\/wp-json\/wp\/v2\/media?parent=13835"}],"wp:term":[{"taxonomy":"category","embeddable":true,"href":"https:\/\/www.revistarescatados.com.ar\/web\/wp-json\/wp\/v2\/categories?post=13835"},{"taxonomy":"post_tag","embeddable":true,"href":"https:\/\/www.revistarescatados.com.ar\/web\/wp-json\/wp\/v2\/tags?post=13835"}],"curies":[{"name":"wp","href":"https:\/\/api.w.org\/{rel}","templated":true}]}}