{"id":13867,"date":"2021-05-13T21:28:14","date_gmt":"2021-05-14T00:28:14","guid":{"rendered":"http:\/\/www.revistarescatados.com.ar\/web\/?p=13867"},"modified":"2021-05-13T21:39:34","modified_gmt":"2021-05-14T00:39:34","slug":"sosa-reclamo-a-la-epe-por-obras-para-fortin-olmos-y-la-gallareta","status":"publish","type":"post","link":"https:\/\/www.revistarescatados.com.ar\/web\/2021\/05\/13\/sosa-reclamo-a-la-epe-por-obras-para-fortin-olmos-y-la-gallareta\/","title":{"rendered":"Sosa reclam\u00f3 a la EPE por obras para Fort\u00edn Olmos y La Gallareta"},"content":{"rendered":"\n<p id=\"block-1363e812-f3dd-49ab-b9ce-bd0733899cc9\"><\/p>\n\n\n\n<p id=\"block-f2d3c370-d41b-4c78-9787-a39b7cc5d400\"><strong><span class=\"has-inline-color has-vivid-red-color\">En la tarde de este mi\u00e9rcoles, la C\u00e1mara de Senadores recibi\u00f3 al director de la Empresa Provincial de la Energ\u00eda, Mauricio Caussi.<\/span><\/strong> <\/p>\n\n\n\n<figure class=\"wp-block-image size-large\"><img loading=\"lazy\" width=\"1024\" height=\"576\" src=\"http:\/\/www.revistarescatados.com.ar\/web\/wp-content\/uploads\/2021\/05\/CAUSSI-1024x576.jpeg\" alt=\"\" class=\"wp-image-13868\" srcset=\"https:\/\/www.revistarescatados.com.ar\/web\/wp-content\/uploads\/2021\/05\/CAUSSI-1024x576.jpeg 1024w, https:\/\/www.revistarescatados.com.ar\/web\/wp-content\/uploads\/2021\/05\/CAUSSI-300x169.jpeg 300w, https:\/\/www.revistarescatados.com.ar\/web\/wp-content\/uploads\/2021\/05\/CAUSSI-768x432.jpeg 768w, https:\/\/www.revistarescatados.com.ar\/web\/wp-content\/uploads\/2021\/05\/CAUSSI.jpeg 1280w\" sizes=\"(max-width: 1024px) 100vw, 1024px\" \/><\/figure>\n\n\n\n<p id=\"block-d9256be2-aad4-464d-b183-56fcc392b0ac\">Con respecto al departamento Vera volvimos a plantear la necesidad de solucionar de manera definitiva el problema energ\u00e9tico con el que viene lidiando la localidad de Fort\u00edn Olmos desde hace much\u00edsimos a\u00f1os, en ese sentido el director nos manifest\u00f3 estar interiorizado en la problem\u00e1tica y que mientras tanto no se culmine la estaci\u00f3n transformadora de la ciudad de Vera que va a solucionar de manera definitiva el problema, la empresa va a seguir realizando inversiones en la localidad para mejorar el servicio.<\/p>\n\n\n\n<p id=\"block-86b4c7cd-9d11-4b29-bbf8-e2c42834bbf8\">Tambi\u00e9n pedimos su intervenci\u00f3n para concretar el tramo del km 38 distrito La Gallareta, obra que se encuentra paralizada y es un proyecto estrat\u00e9gico para los habitantes y productores rurales.<\/p>\n","protected":false},"excerpt":{"rendered":"<p>En la tarde de este mi\u00e9rcoles, la C\u00e1mara de Senadores recibi\u00f3 al director de la Empresa Provincial de la Energ\u00eda, Mauricio Caussi. Con respecto al departamento Vera volvimos a plantear la necesidad&#46;&#46;&#46;<\/p>\n","protected":false},"author":1,"featured_media":13868,"comment_status":"closed","ping_status":"closed","sticky":false,"template":"","format":"standard","meta":[],"categories":[3,16,10,13],"tags":[],"_links":{"self":[{"href":"https:\/\/www.revistarescatados.com.ar\/web\/wp-json\/wp\/v2\/posts\/13867"}],"collection":[{"href":"https:\/\/www.revistarescatados.com.ar\/web\/wp-json\/wp\/v2\/posts"}],"about":[{"href":"https:\/\/www.revistarescatados.com.ar\/web\/wp-json\/wp\/v2\/types\/post"}],"author":[{"embeddable":true,"href":"https:\/\/www.revistarescatados.com.ar\/web\/wp-json\/wp\/v2\/users\/1"}],"replies":[{"embeddable":true,"href":"https:\/\/www.revistarescatados.com.ar\/web\/wp-json\/wp\/v2\/comments?post=13867"}],"version-history":[{"count":2,"href":"https:\/\/www.revistarescatados.com.ar\/web\/wp-json\/wp\/v2\/posts\/13867\/revisions"}],"predecessor-version":[{"id":13870,"href":"https:\/\/www.revistarescatados.com.ar\/web\/wp-json\/wp\/v2\/posts\/13867\/revisions\/13870"}],"wp:featuredmedia":[{"embeddable":true,"href":"https:\/\/www.revistarescatados.com.ar\/web\/wp-json\/wp\/v2\/media\/13868"}],"wp:attachment":[{"href":"https:\/\/www.revistarescatados.com.ar\/web\/wp-json\/wp\/v2\/media?parent=13867"}],"wp:term":[{"taxonomy":"category","embeddable":true,"href":"https:\/\/www.revistarescatados.com.ar\/web\/wp-json\/wp\/v2\/categories?post=13867"},{"taxonomy":"post_tag","embeddable":true,"href":"https:\/\/www.revistarescatados.com.ar\/web\/wp-json\/wp\/v2\/tags?post=13867"}],"curies":[{"name":"wp","href":"https:\/\/api.w.org\/{rel}","templated":true}]}}