{"id":13899,"date":"2021-05-14T22:45:49","date_gmt":"2021-05-15T01:45:49","guid":{"rendered":"http:\/\/www.revistarescatados.com.ar\/web\/?p=13899"},"modified":"2021-05-14T22:45:57","modified_gmt":"2021-05-15T01:45:57","slug":"flavia-motie-y-fernando-molina-son-los-ganadores-de-crearte-en-calchaqui","status":"publish","type":"post","link":"https:\/\/www.revistarescatados.com.ar\/web\/2021\/05\/14\/flavia-motie-y-fernando-molina-son-los-ganadores-de-crearte-en-calchaqui\/","title":{"rendered":"Flavia Motie y Fernando Molina son los ganadores de CreArte en Calchaqu\u00ed"},"content":{"rendered":"\n<p><br><strong><span class=\"has-inline-color has-vivid-red-color\">El intendente, Rub\u00e9n Cuello, y la Secretaria de Desarrollo Social, Antonela Beltramino, junto al Director de Acci\u00f3n y Desarrollo Territorial de la UNL, Nadir Saade, entregaron los premios a los artistas seleccionados.<\/span><\/strong><\/p>\n\n\n\n<figure class=\"wp-block-image size-large\"><img loading=\"lazy\" width=\"1024\" height=\"683\" src=\"http:\/\/www.revistarescatados.com.ar\/web\/wp-content\/uploads\/2021\/05\/Ganadores-Crearte-1024x683.jpg\" alt=\"\" class=\"wp-image-13900\" srcset=\"https:\/\/www.revistarescatados.com.ar\/web\/wp-content\/uploads\/2021\/05\/Ganadores-Crearte-1024x683.jpg 1024w, https:\/\/www.revistarescatados.com.ar\/web\/wp-content\/uploads\/2021\/05\/Ganadores-Crearte-300x200.jpg 300w, https:\/\/www.revistarescatados.com.ar\/web\/wp-content\/uploads\/2021\/05\/Ganadores-Crearte-768x512.jpg 768w, https:\/\/www.revistarescatados.com.ar\/web\/wp-content\/uploads\/2021\/05\/Ganadores-Crearte.jpg 1437w\" sizes=\"(max-width: 1024px) 100vw, 1024px\" \/><\/figure>\n\n\n\n<p><br>Recordamos que CreArte es un fondo concursable de becas creaci\u00f3n y formaci\u00f3n art\u00edstica, impulsado por UNL y gobiernos de los Departamentos General Obligado y Vera.<\/p>\n\n\n\n<p><br>Los proyectos art\u00edsticos y culturales ganadores en nuestra ciudad son:<\/p>\n\n\n\n<p><br>\u25aa\ufe0f&#8221;La Forestal: el comienzo.&#8221; (Artes Visuales). De Flavia Motie.<\/p>\n\n\n\n<p><br>\u25aa\ufe0f&#8221;Descendientes&#8221; (Letras). De Fernando Molina.<\/p>\n","protected":false},"excerpt":{"rendered":"<p>El intendente, Rub\u00e9n Cuello, y la Secretaria de Desarrollo Social, Antonela Beltramino, junto al Director de Acci\u00f3n y Desarrollo Territorial de la UNL, Nadir Saade, entregaron los premios a los artistas seleccionados.&#46;&#46;&#46;<\/p>\n","protected":false},"author":1,"featured_media":13900,"comment_status":"closed","ping_status":"closed","sticky":false,"template":"","format":"standard","meta":[],"categories":[2,7,3,16],"tags":[],"_links":{"self":[{"href":"https:\/\/www.revistarescatados.com.ar\/web\/wp-json\/wp\/v2\/posts\/13899"}],"collection":[{"href":"https:\/\/www.revistarescatados.com.ar\/web\/wp-json\/wp\/v2\/posts"}],"about":[{"href":"https:\/\/www.revistarescatados.com.ar\/web\/wp-json\/wp\/v2\/types\/post"}],"author":[{"embeddable":true,"href":"https:\/\/www.revistarescatados.com.ar\/web\/wp-json\/wp\/v2\/users\/1"}],"replies":[{"embeddable":true,"href":"https:\/\/www.revistarescatados.com.ar\/web\/wp-json\/wp\/v2\/comments?post=13899"}],"version-history":[{"count":1,"href":"https:\/\/www.revistarescatados.com.ar\/web\/wp-json\/wp\/v2\/posts\/13899\/revisions"}],"predecessor-version":[{"id":13901,"href":"https:\/\/www.revistarescatados.com.ar\/web\/wp-json\/wp\/v2\/posts\/13899\/revisions\/13901"}],"wp:featuredmedia":[{"embeddable":true,"href":"https:\/\/www.revistarescatados.com.ar\/web\/wp-json\/wp\/v2\/media\/13900"}],"wp:attachment":[{"href":"https:\/\/www.revistarescatados.com.ar\/web\/wp-json\/wp\/v2\/media?parent=13899"}],"wp:term":[{"taxonomy":"category","embeddable":true,"href":"https:\/\/www.revistarescatados.com.ar\/web\/wp-json\/wp\/v2\/categories?post=13899"},{"taxonomy":"post_tag","embeddable":true,"href":"https:\/\/www.revistarescatados.com.ar\/web\/wp-json\/wp\/v2\/tags?post=13899"}],"curies":[{"name":"wp","href":"https:\/\/api.w.org\/{rel}","templated":true}]}}