{"id":13959,"date":"2021-05-19T03:10:05","date_gmt":"2021-05-19T06:10:05","guid":{"rendered":"http:\/\/www.revistarescatados.com.ar\/web\/?p=13959"},"modified":"2021-05-19T03:10:10","modified_gmt":"2021-05-19T06:10:10","slug":"solo-se-podra-circular-por-actividad-laboral-o-por-razones-de-fuerza-mayor-en-la-provincia-de-santa-fe","status":"publish","type":"post","link":"https:\/\/www.revistarescatados.com.ar\/web\/2021\/05\/19\/solo-se-podra-circular-por-actividad-laboral-o-por-razones-de-fuerza-mayor-en-la-provincia-de-santa-fe\/","title":{"rendered":"Solo se podr\u00e1 circular por actividad laboral o por razones de fuerza mayor  en la provincia de Santa Fe"},"content":{"rendered":"\n<p><br><\/p>\n\n\n\n<p><strong><span class=\"has-inline-color has-vivid-red-color\">Las medidas se aplicar\u00e1n desde el jueves y hasta el 30 de mayo. Se suspenden tambi\u00e9n los encuentros sociales y familiares, actividades deportivas y recreativas en lugares cerrados o al aire libre. Locales gastron\u00f3micos podr\u00e1n funcionar hasta las 19 horas.<\/span><\/strong><\/p>\n\n\n\n<p><\/p>\n\n\n\n<figure class=\"wp-block-image size-large\"><img loading=\"lazy\" width=\"1024\" height=\"576\" src=\"http:\/\/www.revistarescatados.com.ar\/web\/wp-content\/uploads\/2021\/05\/Restriccion-1024x576.jpg\" alt=\"\" class=\"wp-image-13960\" srcset=\"https:\/\/www.revistarescatados.com.ar\/web\/wp-content\/uploads\/2021\/05\/Restriccion-1024x576.jpg 1024w, https:\/\/www.revistarescatados.com.ar\/web\/wp-content\/uploads\/2021\/05\/Restriccion-300x169.jpg 300w, https:\/\/www.revistarescatados.com.ar\/web\/wp-content\/uploads\/2021\/05\/Restriccion-768x432.jpg 768w, https:\/\/www.revistarescatados.com.ar\/web\/wp-content\/uploads\/2021\/05\/Restriccion.jpg 1500w\" sizes=\"(max-width: 1024px) 100vw, 1024px\" \/><\/figure>\n\n\n\n<p>El Gobierno de la provincia de Santa Fe anunci\u00f3 que restringir\u00e1n la circulaci\u00f3n vehicular en la v\u00eda p\u00fablica las 24 horas a toda persona que no realice actividades autorizadas. La medida regir\u00e1 desde las 00 del 20 hasta el 30 de mayo.<\/p>\n\n\n\n<p>Quedar\u00e1n exceptuados de la restricci\u00f3n vehicular quienes cumplan con su actividad laboral o quienes est\u00e9n justificadas por una situaci\u00f3n de fuerza mayor, incluyendo asistencia m\u00e9dica y cuidado de personas.<\/p>\n\n\n\n<p>El decreto suspendi\u00f3 tambi\u00e9n los encuentros sociales y familiares en lugares cerrados o al aire libre.<\/p>\n\n\n\n<p>En cuanto a las actividades recreativas, la pr\u00e1ctica de deportes grupales de contacto (al aire libre y en espacios cerrados) quedaron suspendidas, as\u00ed como tambi\u00e9n las competencias deportivas provinciales, zonales o locales de car\u00e1cter profesional o amateur.<\/p>\n\n\n\n<p>En la misma l\u00ednea, los clubes, gimnasios y otros establecimientos afines, con o sin actividades al aire libre, no podr\u00e1n abrir al p\u00fablico. Quedaron suspendidas tambi\u00e9n las actividades n\u00e1uticas, pesca deportiva y recreativa en modalidad costa y embarcados.<\/p>\n\n\n\n<p>Los locales gastron\u00f3micos podr\u00e1n funcionar pero \u00fanicamente en el horario entre las 6 y las 19hs.<\/p>\n\n\n\n<h2>App Cuidar Santa Fe<\/h2>\n\n\n\n<p>Se puso a disposici\u00f3n una aplicaci\u00f3n m\u00f3vil para realizar\u00a0denuncias, consultas, solicitar asistencia\u00a0y\u00a0mantenerse informados\u00a0en relaci\u00f3n al coronavirus.\u00a0<\/p>\n\n\n\n<p>La App permite realizar consultas sobre los\u00a0s\u00edntomas de la enfermedad,\u00a0medidas de higiene y cuidado aconsejadas y novedades en general sobre las\u00a0<strong>medidas<\/strong>\u00a0tomadas por el gobierno.<\/p>\n\n\n\n<p>Adem\u00e1s, se&nbsp;incorporaron nuevas funciones a la aplicaci\u00f3n para gestionar los&nbsp;<strong>permisos de circulaci\u00f3n.<\/strong><\/p>\n\n\n\n<p><strong>Para descargarla ingres\u00e1 a&nbsp;<a href=\"https:\/\/play.google.com\/store\/apps\/details?id=ar.gov.santafe.mobile.coronavirusapp\">https:\/\/play.google.com<\/a>&nbsp;o acced\u00e9 a&nbsp;<a href=\"https:\/\/www.santafe.gob.ar\/ms\/covid19\/aplicacion-movil-covid-19-provincia-de-santa-fe\/\">https:\/\/www.santafe.gob.ar\/<\/a>&nbsp;para m\u00e1s informaci\u00f3n.&nbsp;<\/strong><\/p>\n\n\n\n<p>Para tramitar el certificado de circulaci\u00f3n para trabajadores esenciales en Santa Fe\u00a0pod\u00e9s descargar la<strong>\u00a0aplicaci\u00f3n Cuidar,<\/strong>\u00a0que rige a nivel nacional, y descargar el permiso desde all\u00ed.\u00a0<strong>Ingres\u00e1 a\u00a0<a href=\"https:\/\/www.argentina.gob.ar\/aplicaciones\/coronavirus\" target=\"_blank\" rel=\"noreferrer noopener\">https:\/\/www.argentina.gob.ar<\/a>\u00a0para descargarla.<\/strong><\/p>\n","protected":false},"excerpt":{"rendered":"<p>Las medidas se aplicar\u00e1n desde el jueves y hasta el 30 de mayo. Se suspenden tambi\u00e9n los encuentros sociales y familiares, actividades deportivas y recreativas en lugares cerrados o al aire libre.&#46;&#46;&#46;<\/p>\n","protected":false},"author":1,"featured_media":13960,"comment_status":"closed","ping_status":"closed","sticky":false,"template":"","format":"standard","meta":[],"categories":[16,12,8],"tags":[],"_links":{"self":[{"href":"https:\/\/www.revistarescatados.com.ar\/web\/wp-json\/wp\/v2\/posts\/13959"}],"collection":[{"href":"https:\/\/www.revistarescatados.com.ar\/web\/wp-json\/wp\/v2\/posts"}],"about":[{"href":"https:\/\/www.revistarescatados.com.ar\/web\/wp-json\/wp\/v2\/types\/post"}],"author":[{"embeddable":true,"href":"https:\/\/www.revistarescatados.com.ar\/web\/wp-json\/wp\/v2\/users\/1"}],"replies":[{"embeddable":true,"href":"https:\/\/www.revistarescatados.com.ar\/web\/wp-json\/wp\/v2\/comments?post=13959"}],"version-history":[{"count":1,"href":"https:\/\/www.revistarescatados.com.ar\/web\/wp-json\/wp\/v2\/posts\/13959\/revisions"}],"predecessor-version":[{"id":13961,"href":"https:\/\/www.revistarescatados.com.ar\/web\/wp-json\/wp\/v2\/posts\/13959\/revisions\/13961"}],"wp:featuredmedia":[{"embeddable":true,"href":"https:\/\/www.revistarescatados.com.ar\/web\/wp-json\/wp\/v2\/media\/13960"}],"wp:attachment":[{"href":"https:\/\/www.revistarescatados.com.ar\/web\/wp-json\/wp\/v2\/media?parent=13959"}],"wp:term":[{"taxonomy":"category","embeddable":true,"href":"https:\/\/www.revistarescatados.com.ar\/web\/wp-json\/wp\/v2\/categories?post=13959"},{"taxonomy":"post_tag","embeddable":true,"href":"https:\/\/www.revistarescatados.com.ar\/web\/wp-json\/wp\/v2\/tags?post=13959"}],"curies":[{"name":"wp","href":"https:\/\/api.w.org\/{rel}","templated":true}]}}