{"id":1397,"date":"2018-08-02T02:00:35","date_gmt":"2018-08-02T05:00:35","guid":{"rendered":"http:\/\/www.revistarescatados.com.ar\/web\/?p=1397"},"modified":"2018-08-02T02:00:35","modified_gmt":"2018-08-02T05:00:35","slug":"plan-del-norte-la-provincia-presento-los-avances-y-los-resultados-del-monitoreo-del-cippec","status":"publish","type":"post","link":"https:\/\/www.revistarescatados.com.ar\/web\/2018\/08\/02\/plan-del-norte-la-provincia-presento-los-avances-y-los-resultados-del-monitoreo-del-cippec\/","title":{"rendered":"PLAN DEL NORTE: LA PROVINCIA PRESENT\u00d3 LOS AVANCES Y LOS RESULTADOS DEL MONITOREO DEL CIPPEC"},"content":{"rendered":"<p><img loading=\"lazy\" class=\"aligncenter size-full wp-image-1398\" src=\"http:\/\/www.revistarescatados.com.ar\/web\/wp-content\/uploads\/2018\/08\/Foro-Reconquista.jpg\" alt=\"\" width=\"1280\" height=\"724\" srcset=\"https:\/\/www.revistarescatados.com.ar\/web\/wp-content\/uploads\/2018\/08\/Foro-Reconquista.jpg 1280w, https:\/\/www.revistarescatados.com.ar\/web\/wp-content\/uploads\/2018\/08\/Foro-Reconquista-300x170.jpg 300w, https:\/\/www.revistarescatados.com.ar\/web\/wp-content\/uploads\/2018\/08\/Foro-Reconquista-768x434.jpg 768w, https:\/\/www.revistarescatados.com.ar\/web\/wp-content\/uploads\/2018\/08\/Foro-Reconquista-1024x579.jpg 1024w\" sizes=\"(max-width: 1280px) 100vw, 1280px\" \/><\/p>\n<div><b>\u00a0<\/b><\/div>\n<div><\/div>\n<div>\n<p><strong><span style=\"color: #0000ff;\">El gobierno provincial present\u00f3 este lunes y martes los avances del Plan del Norte y los resultados del monitoreo realizado por el Centro de Implementaci\u00f3n de Pol\u00edticas P\u00fablicas para la Equidad y el Crecimiento (Cippec).<\/span><\/strong><\/p>\n<p>Las presentaciones se realizaron en las ciudades de Reconquista, Vera y Tostado, con la presencia de los ministros de Gobierno y Reforma del Estado, Pablo Far\u00edas y de Infraestructura y Transporte, Jos\u00e9 Garibay; el coordinador del Plan del Norte, Sergio Rojas y la directora del programa de Monitoreo y Evaluaci\u00f3n de Cippec, Natalia Aquilino.<\/p>\n<p>Al respecto, Far\u00edas afirm\u00f3 que \u201ces m\u00e1s que importante que se conozcan los detalles de cada cosa que hacemos y que nos vayan siguiendo de cerca, por eso le agradecemos al Cippec por el trabajo que est\u00e1n desarrollando. Por iniciativa del gobernador Miguel Lifschitz, nos pareci\u00f3 importante que el Plan del Norte tenga un seguimiento de los impactos\u201d.<\/p>\n<p>\u201cEl Plan de Norte, cuando lo iniciamos con mucha fuerza y mucha convicci\u00f3n, fue una iniciativa que el gobernador prepar\u00f3 durante mucho tiempo y tiene que ver con una gran decisi\u00f3n pol\u00edtica de la gesti\u00f3n de hacer esto, pero tambi\u00e9n de una preparaci\u00f3n previa a la asunci\u00f3n\u201d, valor\u00f3.<\/p>\n<p>Por su parte, Rojas expres\u00f3 que el objetivo de las jornadas fue \u201ccumplir con el compromiso de transparencia y participaci\u00f3n ciudadana que hab\u00edamos hecho cuando presentamos el plan\u201d.<\/p>\n<p>Adem\u00e1s, destac\u00f3 que \u201cla presencia de dos de los ministros que componen el comit\u00e9 ejecutivo tambi\u00e9n demuestran la importancia que desde los ministerios se tiene respecto a estos espacios de encuentro con los actores territoriales\u201d.<\/p>\n<p>\u201cSabemos que todav\u00eda falta poner en marcha algunos proyectos, pero el 82% de los proyectos en marcha tambi\u00e9n son un incentivo para continuar trabajando y llegar al final de la gesti\u00f3n con el 100% en marcha, tal como nos pide el Gobernador Miguel Lifschitz\u201d, a\u00f1adi\u00f3.<\/p>\n<p>Durante la jornada se present\u00f3 la p\u00e1gina web que pr\u00f3ximamente estar\u00e1 online y en la que se podr\u00e1n ver los avances de todas las obras. Al respecto, Rojas valor\u00f3 que la misma \u201cfuncionar\u00e1 como una herramienta de informaci\u00f3n de los avances y tambi\u00e9n para la participaci\u00f3n ciudadana con opiniones y propuestas de las instituciones y los ciudadanos\u201d.<\/p>\n<p>De las jornadas participaron autoridades locales, regionales, legisladores, medios de comunicaci\u00f3n y p\u00fablico en general.\u00a0 El an\u00e1lisis de Cippec se complement\u00f3 con las valoraciones de los habitantes de los departamentos 9 de Julio, General Obligado y Vera. En 12 grupos de seguimiento, los habitantes del norte santafesino evaluaron la importancia y la ejecuci\u00f3n de los 130 proyectos que integran el Plan del Norte.<\/p>\n<p><span style=\"color: #0000ff;\"><b>AVANCES<\/b><\/span><\/p>\n<p>El Plan del Norte logr\u00f3 mayormente avances en la integraci\u00f3n territorial y en la econom\u00eda para el desarrollo, particularmente en la provisi\u00f3n de servicios p\u00fablicos de calidad.<\/p>\n<p>Los proyectos de integraci\u00f3n territorial tuvieron progresos significativos a moderados. Con el Plan del Norte actualmente un 10% m\u00e1s de la poblaci\u00f3n tiene acceso a la red de agua potable (72%). Aument\u00f3 la cantidad de kil\u00f3metros de rutas provinciales con mejorado y pavimentado (18%) y la superficie de bosques nativos con planes de manejo y conservaci\u00f3n (3%). Adem\u00e1s, la cantidad de usuarios de la red de energ\u00eda el\u00e9ctrica aument\u00f3 en promedio un 2% cada a\u00f1o. Sin embargo, no se registr\u00f3 el aumento esperado en la cantidad de servicios interurbanos de transporte p\u00fablico de pasajeros.<\/p>\n<p>En los proyectos de arraigo regional se logr\u00f3 un aumento promedio del 10% por a\u00f1o en la cantidad de atenciones ambulatorias en los efectores de salud de la regi\u00f3n y un aumento promedio del 1% en la cantidad de puestos de trabajo registrados. Adem\u00e1s, con el Plan del Norte se lleg\u00f3 en promedio a un 12% de las familias postulantes con vivienda en ejecuci\u00f3n y a un 21% de los establecimientos educativos con mejoras edilicias.<\/p>\n<p>En relaci\u00f3n con los proyectos para el desarrollo de la econom\u00eda regional, se observ\u00f3 un incremento promedio del 1% cada a\u00f1o en la cantidad de empresas registradas del sector servicios profesionales, cient\u00edficos y t\u00e9cnicos. Sin embargo, se observ\u00f3 una ca\u00edda promedio del 3% en la cantidad de empresas manufactureras y del 2% en la cantidad de micro, peque\u00f1as y medianas empresas de la regi\u00f3n.<\/p>\n<p>Por departamento, se destaca en 9 de Julio un aumento promedio del 12% en la cantidad de atenciones ambulatorias en efectores de salud locales cada a\u00f1o, mientras que en Vera y General Obligado se distingue como mayor logro alcanzado la ampliaci\u00f3n de la cobertura de la red de agua potable, con un incremento en Vera del 67% al 89% de la poblaci\u00f3n y en General Obligado del 73% al 79% de sus habitantes.<\/p>\n<p><span style=\"color: #0000ff;\"><b>PARTICIPANTES<\/b><\/span><\/p>\n<p>Participaron los senadores por el departamento General Obligado, Orfilio Marc\u00f3n; por el departamento Vera, Osvaldo Sosa y por el departamento 9 de Julio, Ra\u00fal Gramajo; adem\u00e1s los intendentes de Reconquista, Enrique Vallejos; de Vera, Reynaldo Fabbroni; de Tostado, Enrique Maulem; el coordinador de la Regi\u00f3n 1, Ra\u00fal Medina; entre otras autoridades.<\/p>\n<\/div>\n","protected":false},"excerpt":{"rendered":"<p>\u00a0 El gobierno provincial present\u00f3 este lunes y martes los avances del Plan del Norte y los resultados del monitoreo realizado por el Centro de Implementaci\u00f3n de Pol\u00edticas P\u00fablicas para la Equidad&#46;&#46;&#46;<\/p>\n","protected":false},"author":1,"featured_media":1398,"comment_status":"closed","ping_status":"open","sticky":false,"template":"","format":"standard","meta":[],"categories":[6,3,10],"tags":[],"_links":{"self":[{"href":"https:\/\/www.revistarescatados.com.ar\/web\/wp-json\/wp\/v2\/posts\/1397"}],"collection":[{"href":"https:\/\/www.revistarescatados.com.ar\/web\/wp-json\/wp\/v2\/posts"}],"about":[{"href":"https:\/\/www.revistarescatados.com.ar\/web\/wp-json\/wp\/v2\/types\/post"}],"author":[{"embeddable":true,"href":"https:\/\/www.revistarescatados.com.ar\/web\/wp-json\/wp\/v2\/users\/1"}],"replies":[{"embeddable":true,"href":"https:\/\/www.revistarescatados.com.ar\/web\/wp-json\/wp\/v2\/comments?post=1397"}],"version-history":[{"count":1,"href":"https:\/\/www.revistarescatados.com.ar\/web\/wp-json\/wp\/v2\/posts\/1397\/revisions"}],"predecessor-version":[{"id":1399,"href":"https:\/\/www.revistarescatados.com.ar\/web\/wp-json\/wp\/v2\/posts\/1397\/revisions\/1399"}],"wp:featuredmedia":[{"embeddable":true,"href":"https:\/\/www.revistarescatados.com.ar\/web\/wp-json\/wp\/v2\/media\/1398"}],"wp:attachment":[{"href":"https:\/\/www.revistarescatados.com.ar\/web\/wp-json\/wp\/v2\/media?parent=1397"}],"wp:term":[{"taxonomy":"category","embeddable":true,"href":"https:\/\/www.revistarescatados.com.ar\/web\/wp-json\/wp\/v2\/categories?post=1397"},{"taxonomy":"post_tag","embeddable":true,"href":"https:\/\/www.revistarescatados.com.ar\/web\/wp-json\/wp\/v2\/tags?post=1397"}],"curies":[{"name":"wp","href":"https:\/\/api.w.org\/{rel}","templated":true}]}}