{"id":13992,"date":"2021-05-20T23:19:19","date_gmt":"2021-05-21T02:19:19","guid":{"rendered":"http:\/\/www.revistarescatados.com.ar\/web\/?p=13992"},"modified":"2021-05-20T23:31:38","modified_gmt":"2021-05-21T02:31:38","slug":"funcionarios-provinciales-visitaron-el-area-industrial-de-calchaqui","status":"publish","type":"post","link":"https:\/\/www.revistarescatados.com.ar\/web\/2021\/05\/20\/funcionarios-provinciales-visitaron-el-area-industrial-de-calchaqui\/","title":{"rendered":"Funcionarios provinciales visitaron el \u00c1rea Industrial de Calchaqu\u00ed"},"content":{"rendered":"\n<p><strong><span class=\"has-inline-color has-vivid-red-color\">Tras el reconocimiento como &#8220;\u00c1rea Industrial Oficial de Promoci\u00f3n de Calchaqu\u00ed&#8221;, funcionarios del Ministerio de la Producci\u00f3n recorrieron el sector. <\/span><\/strong><\/p>\n\n\n\n<figure class=\"wp-block-image size-large\"><img loading=\"lazy\" width=\"1024\" height=\"683\" src=\"http:\/\/www.revistarescatados.com.ar\/web\/wp-content\/uploads\/2021\/05\/Visita-Area-Industrial-1024x683.jpg\" alt=\"\" class=\"wp-image-13993\" srcset=\"https:\/\/www.revistarescatados.com.ar\/web\/wp-content\/uploads\/2021\/05\/Visita-Area-Industrial-1024x683.jpg 1024w, https:\/\/www.revistarescatados.com.ar\/web\/wp-content\/uploads\/2021\/05\/Visita-Area-Industrial-300x200.jpg 300w, https:\/\/www.revistarescatados.com.ar\/web\/wp-content\/uploads\/2021\/05\/Visita-Area-Industrial-768x512.jpg 768w, https:\/\/www.revistarescatados.com.ar\/web\/wp-content\/uploads\/2021\/05\/Visita-Area-Industrial.jpg 1440w\" sizes=\"(max-width: 1024px) 100vw, 1024px\" \/><\/figure>\n\n\n\n<p>Juan Marcos Aviano, Secretario de Comercio Interior, y Marcelo Cogno, Secretario de Industria, junto al Intendente, Rub\u00e9n Cuello, y la Secretaria de la Producci\u00f3n, Joana Mussin, se reunieron con representantes de Presisso y de Nardoni Premoldeados, para comenzar a coordinar acciones para el territorio del \u00c1rea Industrial. <\/p>\n","protected":false},"excerpt":{"rendered":"<p>Tras el reconocimiento como &#8220;\u00c1rea Industrial Oficial de Promoci\u00f3n de Calchaqu\u00ed&#8221;, funcionarios del Ministerio de la Producci\u00f3n recorrieron el sector. Juan Marcos Aviano, Secretario de Comercio Interior, y Marcelo Cogno, Secretario de&#46;&#46;&#46;<\/p>\n","protected":false},"author":1,"featured_media":13993,"comment_status":"closed","ping_status":"closed","sticky":false,"template":"","format":"standard","meta":[],"categories":[2,3,16,8],"tags":[],"_links":{"self":[{"href":"https:\/\/www.revistarescatados.com.ar\/web\/wp-json\/wp\/v2\/posts\/13992"}],"collection":[{"href":"https:\/\/www.revistarescatados.com.ar\/web\/wp-json\/wp\/v2\/posts"}],"about":[{"href":"https:\/\/www.revistarescatados.com.ar\/web\/wp-json\/wp\/v2\/types\/post"}],"author":[{"embeddable":true,"href":"https:\/\/www.revistarescatados.com.ar\/web\/wp-json\/wp\/v2\/users\/1"}],"replies":[{"embeddable":true,"href":"https:\/\/www.revistarescatados.com.ar\/web\/wp-json\/wp\/v2\/comments?post=13992"}],"version-history":[{"count":1,"href":"https:\/\/www.revistarescatados.com.ar\/web\/wp-json\/wp\/v2\/posts\/13992\/revisions"}],"predecessor-version":[{"id":13994,"href":"https:\/\/www.revistarescatados.com.ar\/web\/wp-json\/wp\/v2\/posts\/13992\/revisions\/13994"}],"wp:featuredmedia":[{"embeddable":true,"href":"https:\/\/www.revistarescatados.com.ar\/web\/wp-json\/wp\/v2\/media\/13993"}],"wp:attachment":[{"href":"https:\/\/www.revistarescatados.com.ar\/web\/wp-json\/wp\/v2\/media?parent=13992"}],"wp:term":[{"taxonomy":"category","embeddable":true,"href":"https:\/\/www.revistarescatados.com.ar\/web\/wp-json\/wp\/v2\/categories?post=13992"},{"taxonomy":"post_tag","embeddable":true,"href":"https:\/\/www.revistarescatados.com.ar\/web\/wp-json\/wp\/v2\/tags?post=13992"}],"curies":[{"name":"wp","href":"https:\/\/api.w.org\/{rel}","templated":true}]}}