{"id":14027,"date":"2021-05-22T22:21:23","date_gmt":"2021-05-23T01:21:23","guid":{"rendered":"http:\/\/www.revistarescatados.com.ar\/web\/?p=14027"},"modified":"2021-05-22T22:21:28","modified_gmt":"2021-05-23T01:21:28","slug":"el-bloque-juan-domingo-peron-recordo-a-hugo-pucheta","status":"publish","type":"post","link":"https:\/\/www.revistarescatados.com.ar\/web\/2021\/05\/22\/el-bloque-juan-domingo-peron-recordo-a-hugo-pucheta\/","title":{"rendered":"El bloque &#8220;Juan Domingo Per\u00f3n&#8221; record\u00f3 a Hugo Pucheta"},"content":{"rendered":"\n<figure class=\"wp-block-image size-large\"><img loading=\"lazy\" width=\"720\" height=\"846\" src=\"http:\/\/www.revistarescatados.com.ar\/web\/wp-content\/uploads\/2019\/05\/Hugo-Pucheta.jpg\" alt=\"\" class=\"wp-image-5035\" srcset=\"https:\/\/www.revistarescatados.com.ar\/web\/wp-content\/uploads\/2019\/05\/Hugo-Pucheta.jpg 720w, https:\/\/www.revistarescatados.com.ar\/web\/wp-content\/uploads\/2019\/05\/Hugo-Pucheta-255x300.jpg 255w\" sizes=\"(max-width: 720px) 100vw, 720px\" \/><\/figure>\n\n\n\n<p>n el 5\u00b0 aniversario de la desaparici\u00f3n del senador Hugo Pucheta queremos recordarlo como el l\u00edder pol\u00edtico que fue, pero por sobre todas las cosas, por su hombr\u00eda de bien y por ser un hombre leal en todo su recorrido por la vida pol\u00edtica institucional.<\/p>\n\n\n\n<p>Verdaderamente es un orgullo y un honor para nosotros que Hugo Pucheta haya pertenecido a este bloque denominado \u201cJuan Domingo Per\u00f3n\u201d en la C\u00e1mara de senadores.<\/p>\n\n\n\n<p>Una persona de un compromiso inmenso con su pueblo, con su gente y con ese orgullo expl\u00edcito de ser un hombre del norte.<\/p>\n\n\n\n<p>La firmeza y sus convicciones fueron siempre un norte en este espacio pol\u00edtico, en el que d\u00eda a d\u00eda nos dejaba una ense\u00f1anza, esa que solo las personas sabias pueden transmitir.<\/p>\n\n\n\n<p>La vida pol\u00edtica perdi\u00f3 a un transformador de realidades, la pol\u00edtica partidaria perdi\u00f3 a un gran militante y la vida perdi\u00f3 a un gran hombre.<\/p>\n\n\n\n<p>Siempre en nuestro recuerdo Hugo Pucheta<\/p>\n\n\n\n<p>??????? ????????<br>??\u00fa? ???????<br>???\u00e9 ???????<br>????????? ?????????<br>????? ??????<br>???????? ????<\/p>\n","protected":false},"excerpt":{"rendered":"<p>n el 5\u00b0 aniversario de la desaparici\u00f3n del senador Hugo Pucheta queremos recordarlo como el l\u00edder pol\u00edtico que fue, pero por sobre todas las cosas, por su hombr\u00eda de bien y por&#46;&#46;&#46;<\/p>\n","protected":false},"author":1,"featured_media":5035,"comment_status":"closed","ping_status":"closed","sticky":false,"template":"","format":"standard","meta":[],"categories":[3,16,13],"tags":[],"_links":{"self":[{"href":"https:\/\/www.revistarescatados.com.ar\/web\/wp-json\/wp\/v2\/posts\/14027"}],"collection":[{"href":"https:\/\/www.revistarescatados.com.ar\/web\/wp-json\/wp\/v2\/posts"}],"about":[{"href":"https:\/\/www.revistarescatados.com.ar\/web\/wp-json\/wp\/v2\/types\/post"}],"author":[{"embeddable":true,"href":"https:\/\/www.revistarescatados.com.ar\/web\/wp-json\/wp\/v2\/users\/1"}],"replies":[{"embeddable":true,"href":"https:\/\/www.revistarescatados.com.ar\/web\/wp-json\/wp\/v2\/comments?post=14027"}],"version-history":[{"count":1,"href":"https:\/\/www.revistarescatados.com.ar\/web\/wp-json\/wp\/v2\/posts\/14027\/revisions"}],"predecessor-version":[{"id":14028,"href":"https:\/\/www.revistarescatados.com.ar\/web\/wp-json\/wp\/v2\/posts\/14027\/revisions\/14028"}],"wp:featuredmedia":[{"embeddable":true,"href":"https:\/\/www.revistarescatados.com.ar\/web\/wp-json\/wp\/v2\/media\/5035"}],"wp:attachment":[{"href":"https:\/\/www.revistarescatados.com.ar\/web\/wp-json\/wp\/v2\/media?parent=14027"}],"wp:term":[{"taxonomy":"category","embeddable":true,"href":"https:\/\/www.revistarescatados.com.ar\/web\/wp-json\/wp\/v2\/categories?post=14027"},{"taxonomy":"post_tag","embeddable":true,"href":"https:\/\/www.revistarescatados.com.ar\/web\/wp-json\/wp\/v2\/tags?post=14027"}],"curies":[{"name":"wp","href":"https:\/\/api.w.org\/{rel}","templated":true}]}}