{"id":14029,"date":"2021-05-22T22:27:47","date_gmt":"2021-05-23T01:27:47","guid":{"rendered":"http:\/\/www.revistarescatados.com.ar\/web\/?p=14029"},"modified":"2021-05-22T22:27:52","modified_gmt":"2021-05-23T01:27:52","slug":"huerta-familiar-santafesina-comienza-el-registro-de-interesados-para-obtener-el-kit-de-semillas-para-la-campana-otono-invierno","status":"publish","type":"post","link":"https:\/\/www.revistarescatados.com.ar\/web\/2021\/05\/22\/huerta-familiar-santafesina-comienza-el-registro-de-interesados-para-obtener-el-kit-de-semillas-para-la-campana-otono-invierno\/","title":{"rendered":"Huerta Familiar Santafesina: Comienza el registro de interesados para obtener el kit de semillas para la campa\u00f1a oto\u00f1o invierno"},"content":{"rendered":"\n<p><\/p>\n\n\n\n<p><strong><span class=\"has-inline-color has-vivid-red-color\">Inicia una nueva etapa del programa que busca fortalecer la soberan\u00eda alimentaria y la promoci\u00f3n de h\u00e1bitos saludables en la alimentaci\u00f3n de los santafesinos y santafesinas.<\/span><\/strong><\/p>\n\n\n\n<figure class=\"wp-block-image size-large\"><img loading=\"lazy\" width=\"1024\" height=\"575\" src=\"http:\/\/www.revistarescatados.com.ar\/web\/wp-content\/uploads\/2020\/10\/huerta-1024x575.jpg\" alt=\"\" class=\"wp-image-11347\" srcset=\"https:\/\/www.revistarescatados.com.ar\/web\/wp-content\/uploads\/2020\/10\/huerta-1024x575.jpg 1024w, https:\/\/www.revistarescatados.com.ar\/web\/wp-content\/uploads\/2020\/10\/huerta-300x168.jpg 300w, https:\/\/www.revistarescatados.com.ar\/web\/wp-content\/uploads\/2020\/10\/huerta-768x431.jpg 768w, https:\/\/www.revistarescatados.com.ar\/web\/wp-content\/uploads\/2020\/10\/huerta.jpg 1140w\" sizes=\"(max-width: 1024px) 100vw, 1024px\" \/><\/figure>\n\n\n\n<p>El Ministerio de Producci\u00f3n, Ciencia y Tecnolog\u00eda, a trav\u00e9s de las secretar\u00edas de Agroalimentos y de Desarrollo Territorial y Arraigo informa que se encuentra abierto el registro de interesados en obtener el kit de semillas para la campa\u00f1a oto\u00f1o-invierno del Programa Huerta Familiar Santafesina, iniciativa del Gobierno Provincial que estimula a las familias y otros actores como escuelas y organizaciones sociales de la provincia a producir sus propios alimentos en huertas urbanas, comunitarias, escolares o rurales.<br>De esta forma se inicia la tercera etapa del Programa, herramienta que se complementa con el programa Prohuerta del Instituto Nacional de Tecnolog\u00eda Agropecuaria (INTA) y que super\u00f3 ampliamente las expectativas en las dos primeras etapa, previendo continuar a trav\u00e9s del tiempo para fortalecer la soberan\u00eda alimentaria y la promoci\u00f3n de h\u00e1bitos saludables en la alimentaci\u00f3n de los santafesinos y santafesinas.<\/p>\n\n\n\n<p>En esta ocasi\u00f3n el kit de semillas contiene siete cultivos y una especie arom\u00e1tica: acelga, achicoria, cebolla morada, cal\u00e9ndula, habas, lechuga de invierno, remolacha y r\u00facula. En tanto que, una vez culminada la instancia de inscripci\u00f3n, los d\u00edas y puntos de entrega ser\u00e1n informados a trav\u00e9s de las redes sociales oficiales del Gobierno Provincial y del Programa (Facebook: Huerta Familiar Santafesina e Instagram: @huerta_familiar_santafesina). Los cultivos seleccionados presentan h\u00e1bitos de crecimiento r\u00e1pido con adecuado perfil sanitario y contribuyen a acceder a una alimentaci\u00f3n saludable con gran aporte nutricional.<\/p>\n\n\n\n<p>El secretario de Desarrollo Territorial y Arraigo, Fabricio Medina, indic\u00f3 que \u201ceste Programa se est\u00e1 articulando con distintas carteras ministeriales, como Desarrollo Social, Educaci\u00f3n, Secretar\u00eda de Estado de G\u00e9nero, organizaciones, secretar\u00edas de producci\u00f3n de los gobiernos locales, entre otros para potenciar su alcance y llegar a la mayor cantidad de santafesinos\u201d<\/p>\n\n\n\n<p>Por otra parte, la subsecretaria de Coordinacion Agroalimentaria, Mar\u00eda Eugenia Carrizo destac\u00f3 que \u201cesta pol\u00edtica p\u00fablica es clave en este momento de aislamiento dispuesto por el gobierno nacional y provincial para que las familias puedan construir en sus hogares una huerta agroecol\u00f3gica y consecuentemente poder producir sus propios alimentos, generar un ahorro econ\u00f3mico y una actividad compartida entre los miembros de las familias.<\/p>\n\n\n\n<p>Para registrar la solicitud de semillas hacer click en el siguiente enlace: <strong><span class=\"has-inline-color has-vivid-red-color\"><a href=\"http:\/\/www.santafe.gob.ar\/huertafamiliar\/registrosolicitante\">www.santafe.gob.ar\/huertafamiliar\/registrosolicitante<\/a><\/span>.<\/strong> Dado la gran cantidad de ingresos se recomienda intentar reiteradas veces cuando no se puede acceder.<\/p>\n\n\n\n<p><strong>N\u00daMEROS DEL PROGRAMA<\/strong><\/p>\n\n\n\n<p>A partir del programa Huerta Familiar Santafesina, en dos etapas llevadas adelante durante 2020, desde el Ministerio de Producci\u00f3n, Ciencia y Tecnolog\u00eda se otorgaron m\u00e1s de 100 mil kits de semillas, alcanzando a m\u00e1s de 400 mil beneficiarios en los 19 departamentos de la Provincia y permitiendo un ahorro de 500 millones de pesos en alimentos por la producci\u00f3n de alimentos en huertas familiares urbanas o rurales, comunitarias y escolares.<\/p>\n\n\n\n<p>Adem\u00e1s, en el marco del Programa, se realizaron capacitaciones sobre c\u00f3mo confeccionar una huerta y campa\u00f1as de comunicaci\u00f3n de consejos para aquellos que recibieron las semillas. Por contactos, consultas o dudas, los interesados pueden escribir a: huertafamiliarsantafesina@santafe.gov.ar o visitar las redes sociales antes mencionadas.<\/p>\n","protected":false},"excerpt":{"rendered":"<p>Inicia una nueva etapa del programa que busca fortalecer la soberan\u00eda alimentaria y la promoci\u00f3n de h\u00e1bitos saludables en la alimentaci\u00f3n de los santafesinos y santafesinas. El Ministerio de Producci\u00f3n, Ciencia y&#46;&#46;&#46;<\/p>\n","protected":false},"author":1,"featured_media":11347,"comment_status":"closed","ping_status":"closed","sticky":false,"template":"","format":"standard","meta":[],"categories":[16,12,8],"tags":[],"_links":{"self":[{"href":"https:\/\/www.revistarescatados.com.ar\/web\/wp-json\/wp\/v2\/posts\/14029"}],"collection":[{"href":"https:\/\/www.revistarescatados.com.ar\/web\/wp-json\/wp\/v2\/posts"}],"about":[{"href":"https:\/\/www.revistarescatados.com.ar\/web\/wp-json\/wp\/v2\/types\/post"}],"author":[{"embeddable":true,"href":"https:\/\/www.revistarescatados.com.ar\/web\/wp-json\/wp\/v2\/users\/1"}],"replies":[{"embeddable":true,"href":"https:\/\/www.revistarescatados.com.ar\/web\/wp-json\/wp\/v2\/comments?post=14029"}],"version-history":[{"count":1,"href":"https:\/\/www.revistarescatados.com.ar\/web\/wp-json\/wp\/v2\/posts\/14029\/revisions"}],"predecessor-version":[{"id":14030,"href":"https:\/\/www.revistarescatados.com.ar\/web\/wp-json\/wp\/v2\/posts\/14029\/revisions\/14030"}],"wp:featuredmedia":[{"embeddable":true,"href":"https:\/\/www.revistarescatados.com.ar\/web\/wp-json\/wp\/v2\/media\/11347"}],"wp:attachment":[{"href":"https:\/\/www.revistarescatados.com.ar\/web\/wp-json\/wp\/v2\/media?parent=14029"}],"wp:term":[{"taxonomy":"category","embeddable":true,"href":"https:\/\/www.revistarescatados.com.ar\/web\/wp-json\/wp\/v2\/categories?post=14029"},{"taxonomy":"post_tag","embeddable":true,"href":"https:\/\/www.revistarescatados.com.ar\/web\/wp-json\/wp\/v2\/tags?post=14029"}],"curies":[{"name":"wp","href":"https:\/\/api.w.org\/{rel}","templated":true}]}}