{"id":14072,"date":"2021-05-29T00:32:33","date_gmt":"2021-05-29T03:32:33","guid":{"rendered":"http:\/\/www.revistarescatados.com.ar\/web\/?p=14072"},"modified":"2021-05-29T01:14:09","modified_gmt":"2021-05-29T04:14:09","slug":"la-provincia-completara-la-vacunacion-contra-el-covid19-de-todo-el-personal-policial","status":"publish","type":"post","link":"https:\/\/www.revistarescatados.com.ar\/web\/2021\/05\/29\/la-provincia-completara-la-vacunacion-contra-el-covid19-de-todo-el-personal-policial\/","title":{"rendered":"La provincia completar\u00e1 la vacunaci\u00f3n contra el Covid19 de todo el personal policial"},"content":{"rendered":"\n<p><\/p>\n\n\n\n<p><strong><span class=\"has-inline-color has-vivid-red-color\">El esquema se completar\u00e1 partir de este s\u00e1bado y solo se vacunar\u00e1 al personal policial con turno previo asignado.<\/span><\/strong><\/p>\n\n\n\n<p><\/p>\n\n\n\n<figure class=\"wp-block-image size-large\"><img loading=\"lazy\" width=\"1024\" height=\"575\" src=\"http:\/\/www.revistarescatados.com.ar\/web\/wp-content\/uploads\/2021\/05\/vacuna-policia-1024x575.jpg\" alt=\"\" class=\"wp-image-14073\" srcset=\"https:\/\/www.revistarescatados.com.ar\/web\/wp-content\/uploads\/2021\/05\/vacuna-policia-1024x575.jpg 1024w, https:\/\/www.revistarescatados.com.ar\/web\/wp-content\/uploads\/2021\/05\/vacuna-policia-300x168.jpg 300w, https:\/\/www.revistarescatados.com.ar\/web\/wp-content\/uploads\/2021\/05\/vacuna-policia-768x431.jpg 768w, https:\/\/www.revistarescatados.com.ar\/web\/wp-content\/uploads\/2021\/05\/vacuna-policia.jpg 1140w\" sizes=\"(max-width: 1024px) 100vw, 1024px\" \/><\/figure>\n\n\n\n<p>A partir de este s\u00e1bado, el gobierno provincial completar\u00e1 el esquema de vacunaci\u00f3n contra el Covid 19 de todo el personal policial de la provincia. Los turnos ser\u00e1n asignados solo por correo electr\u00f3nico o mensaje de texto.<br>Inscripci\u00f3n previa<\/p>\n\n\n\n<p>La provincia recuerda que la \u00fanica forma de registrarse para recibir la dosis de la vacuna contra el Coronavirus es a trav\u00e9s del sitio web de la provincia de Santa Fe http:\/\/www.santafe.gov.ar. Una vez finalizado el proceso de inscripci\u00f3n recibir\u00e1n un correo electr\u00f3nico y un mensaje de texto confirmando el proceso completo. El turno asignado se enviar\u00e1 a partir de este viernes, mediante un correo electr\u00f3nico o mensaje de texto, y deber\u00e1n confirmarlo para concurrir al lugar asignado.<\/p>\n","protected":false},"excerpt":{"rendered":"<p>El esquema se completar\u00e1 partir de este s\u00e1bado y solo se vacunar\u00e1 al personal policial con turno previo asignado. A partir de este s\u00e1bado, el gobierno provincial completar\u00e1 el esquema de vacunaci\u00f3n&#46;&#46;&#46;<\/p>\n","protected":false},"author":1,"featured_media":14073,"comment_status":"closed","ping_status":"closed","sticky":false,"template":"","format":"standard","meta":[],"categories":[16,11,12,9,8],"tags":[],"_links":{"self":[{"href":"https:\/\/www.revistarescatados.com.ar\/web\/wp-json\/wp\/v2\/posts\/14072"}],"collection":[{"href":"https:\/\/www.revistarescatados.com.ar\/web\/wp-json\/wp\/v2\/posts"}],"about":[{"href":"https:\/\/www.revistarescatados.com.ar\/web\/wp-json\/wp\/v2\/types\/post"}],"author":[{"embeddable":true,"href":"https:\/\/www.revistarescatados.com.ar\/web\/wp-json\/wp\/v2\/users\/1"}],"replies":[{"embeddable":true,"href":"https:\/\/www.revistarescatados.com.ar\/web\/wp-json\/wp\/v2\/comments?post=14072"}],"version-history":[{"count":1,"href":"https:\/\/www.revistarescatados.com.ar\/web\/wp-json\/wp\/v2\/posts\/14072\/revisions"}],"predecessor-version":[{"id":14074,"href":"https:\/\/www.revistarescatados.com.ar\/web\/wp-json\/wp\/v2\/posts\/14072\/revisions\/14074"}],"wp:featuredmedia":[{"embeddable":true,"href":"https:\/\/www.revistarescatados.com.ar\/web\/wp-json\/wp\/v2\/media\/14073"}],"wp:attachment":[{"href":"https:\/\/www.revistarescatados.com.ar\/web\/wp-json\/wp\/v2\/media?parent=14072"}],"wp:term":[{"taxonomy":"category","embeddable":true,"href":"https:\/\/www.revistarescatados.com.ar\/web\/wp-json\/wp\/v2\/categories?post=14072"},{"taxonomy":"post_tag","embeddable":true,"href":"https:\/\/www.revistarescatados.com.ar\/web\/wp-json\/wp\/v2\/tags?post=14072"}],"curies":[{"name":"wp","href":"https:\/\/api.w.org\/{rel}","templated":true}]}}