{"id":14100,"date":"2021-05-31T15:39:27","date_gmt":"2021-05-31T18:39:27","guid":{"rendered":"http:\/\/www.revistarescatados.com.ar\/web\/?p=14100"},"modified":"2021-05-31T15:39:32","modified_gmt":"2021-05-31T18:39:32","slug":"se-abre-la-inscripcion-de-nuevos-aspirantes-a-guarda-con-fines-adoptivos","status":"publish","type":"post","link":"https:\/\/www.revistarescatados.com.ar\/web\/2021\/05\/31\/se-abre-la-inscripcion-de-nuevos-aspirantes-a-guarda-con-fines-adoptivos\/","title":{"rendered":"Se abre la inscripci\u00f3n de nuevos aspirantes a guarda con fines adoptivos"},"content":{"rendered":"\n<p><\/p>\n\n\n\n<p><strong><span class=\"has-inline-color has-vivid-red-color\">Los interesados en anotarse en esta segunda instancia anual podr\u00e1n hacerlo entre el 1\u00b0 y 10 de junio. El tr\u00e1mite es totalmente gratuito y online.<\/span><\/strong><\/p>\n\n\n\n<figure class=\"wp-block-image size-large\"><img loading=\"lazy\" width=\"900\" height=\"505\" src=\"http:\/\/www.revistarescatados.com.ar\/web\/wp-content\/uploads\/2019\/05\/adopcion.jpg\" alt=\"\" class=\"wp-image-4844\" srcset=\"https:\/\/www.revistarescatados.com.ar\/web\/wp-content\/uploads\/2019\/05\/adopcion.jpg 900w, https:\/\/www.revistarescatados.com.ar\/web\/wp-content\/uploads\/2019\/05\/adopcion-300x168.jpg 300w, https:\/\/www.revistarescatados.com.ar\/web\/wp-content\/uploads\/2019\/05\/adopcion-768x431.jpg 768w\" sizes=\"(max-width: 900px) 100vw, 900px\" \/><\/figure>\n\n\n\n<p>El Registro \u00danico de Aspirantes con Fines Adoptivos (Ruaga) inform\u00f3 que del 1\u00b0 al 10 de junio estar\u00e1 abierta la inscripci\u00f3n de nuevos aspirantes a guarda con fines adoptivos, en la segunda instancia anual que se desarrolla en la Provincia de Santa Fe.<\/p>\n\n\n\n<p>El tr\u00e1mite es totalmente gratuito y online. Los interesados tienen que ingresar a la web de la provincia www.santafe.gob.ar, hacer click en el bot\u00f3n &#8220;RUAGA&#8221; y descargar el Formulario F1. Este formulario se completa s\u00f3lo con los datos personales y se env\u00eda adjunto en un mail a las casillas <a href=\"mailto:registros@santafe.gob.ar\" target=\"_blank\" rel=\"noreferrer noopener\">registros@santafe.gob.ar<\/a> o <a href=\"mailto:registrosrosario@santafe.gob.ar\" target=\"_blank\" rel=\"noreferrer noopener\">registrosrosario@santafe.gob.ar<\/a>.<\/p>\n\n\n\n<p>Al respecto, la directora del Ruaga, Magdalena Galli Fiant, inform\u00f3 que \u201cal d\u00eda de hoy, los equipos profesionales del Registro est\u00e1n acompa\u00f1ando procesos de vinculaci\u00f3n de 49 ni\u00f1as, ni\u00f1os y adolescentes con aspirantes a lo largo de toda la provincia, en forma presencial y por medios remotos\u201d.<\/p>\n\n\n\n<figure class=\"wp-block-embed is-type-rich is-provider-gestor-del-servicio\"><div class=\"wp-block-embed__wrapper\">\n<div style=\"width: 640px;\" class=\"wp-video\"><!--[if lt IE 9]><script>document.createElement('video');<\/script><![endif]-->\n<video class=\"wp-video-shortcode\" id=\"video-14100-1\" width=\"640\" height=\"360\" preload=\"metadata\" controls=\"controls\"><source type=\"video\/mp4\" src=\"https:\/\/www.santafe.gov.ar\/noticias\/recursos\/videosHD\/2021\/05\/2021-05-31NID_271126O_1.mp4?_=1\" \/><a href=\"https:\/\/www.santafe.gov.ar\/noticias\/recursos\/videosHD\/2021\/05\/2021-05-31NID_271126O_1.mp4\">https:\/\/www.santafe.gov.ar\/noticias\/recursos\/videosHD\/2021\/05\/2021-05-31NID_271126O_1.mp4<\/a><\/video><\/div>\n<\/div><\/figure>\n\n\n\n<p>\u201cEste es el fruto de un gran esfuerzo en la b\u00fasqueda de familias para todos los chicos y chicas que esperan ser adoptados, queda mucho por hacer para dar respuesta a tantos otros para los que no hallamos a\u00fan aspirantes a guarda, sobre todo en casos con adolescentes, grupos de hermanos, o ni\u00f1os que tienen una situaci\u00f3n especial de salud\u201d, agreg\u00f3 la funcionaria.<\/p>\n\n\n\n<p>M\u00e1s adelante, la titular del Ruaga sostuvo que \u201ca los futuros adoptantes hay que decirles que hay una realidad, que los chicos y chicas que esperan una familia son de edades variadas, que hay muchos de ellos mayores de 10 a\u00f1os, y solo el 1 % de los inscriptos acepta mayores de 10 a\u00f1os. Hay adolescentes que esperan integrarse a una familia y pocos inscriptos en condiciones o que deseen recibirlos. Por ello les pedimos que piensen en su proyecto adoptivo, que pueden recibir grupos de hermanos, chicos m\u00e1s grandes o adolescentes que van a integrar y sumarse a su familia\u201d.<\/p>\n\n\n\n<p>En este sentido, Galli Fiant explic\u00f3 que \u201cdesde el Ruaga intensificamos todas las estrategias de b\u00fasqueda, b\u00fasquedas por aproximaci\u00f3n, b\u00fasquedas abiertas internas, convocatorias p\u00fablicas nacionales, pero a menudo la falta de aspirantes nos marca un l\u00edmite. Por eso invitamos a todos los que est\u00e1n pensando en ser padres y madres por adopci\u00f3n, que consideren recibir en su familia a estos chicos y chicas que los esperan\u201d.<\/p>\n\n\n\n<p><strong><span class=\"has-inline-color has-vivid-red-color\">SIN TR\u00c1MITE Y SIN COSTO PARA LAS PARTIDAS<\/span><\/strong><br>El Ruaga inform\u00f3 tambi\u00e9n que trav\u00e9s de un convenio firmado recientemente ser\u00e1 quien gestione de manera directa todas las actas necesarias del Registro Civil (Matrimonio\/Nacimiento\/Defunci\u00f3n\/Uni\u00f3n Convivencial), sin necesidad de tr\u00e1mites y sin costos para los que presenten sus Solicitudes de Registraci\u00f3n o tengan que actualizar sus datos familiares dentro del Ruaga.<\/p>\n","protected":false},"excerpt":{"rendered":"<p>Los interesados en anotarse en esta segunda instancia anual podr\u00e1n hacerlo entre el 1\u00b0 y 10 de junio. El tr\u00e1mite es totalmente gratuito y online. El Registro \u00danico de Aspirantes con Fines&#46;&#46;&#46;<\/p>\n","protected":false},"author":1,"featured_media":2233,"comment_status":"closed","ping_status":"closed","sticky":false,"template":"","format":"standard","meta":[],"categories":[16,12,8],"tags":[],"_links":{"self":[{"href":"https:\/\/www.revistarescatados.com.ar\/web\/wp-json\/wp\/v2\/posts\/14100"}],"collection":[{"href":"https:\/\/www.revistarescatados.com.ar\/web\/wp-json\/wp\/v2\/posts"}],"about":[{"href":"https:\/\/www.revistarescatados.com.ar\/web\/wp-json\/wp\/v2\/types\/post"}],"author":[{"embeddable":true,"href":"https:\/\/www.revistarescatados.com.ar\/web\/wp-json\/wp\/v2\/users\/1"}],"replies":[{"embeddable":true,"href":"https:\/\/www.revistarescatados.com.ar\/web\/wp-json\/wp\/v2\/comments?post=14100"}],"version-history":[{"count":1,"href":"https:\/\/www.revistarescatados.com.ar\/web\/wp-json\/wp\/v2\/posts\/14100\/revisions"}],"predecessor-version":[{"id":14101,"href":"https:\/\/www.revistarescatados.com.ar\/web\/wp-json\/wp\/v2\/posts\/14100\/revisions\/14101"}],"wp:featuredmedia":[{"embeddable":true,"href":"https:\/\/www.revistarescatados.com.ar\/web\/wp-json\/wp\/v2\/media\/2233"}],"wp:attachment":[{"href":"https:\/\/www.revistarescatados.com.ar\/web\/wp-json\/wp\/v2\/media?parent=14100"}],"wp:term":[{"taxonomy":"category","embeddable":true,"href":"https:\/\/www.revistarescatados.com.ar\/web\/wp-json\/wp\/v2\/categories?post=14100"},{"taxonomy":"post_tag","embeddable":true,"href":"https:\/\/www.revistarescatados.com.ar\/web\/wp-json\/wp\/v2\/tags?post=14100"}],"curies":[{"name":"wp","href":"https:\/\/api.w.org\/{rel}","templated":true}]}}