{"id":14102,"date":"2021-05-31T15:43:48","date_gmt":"2021-05-31T18:43:48","guid":{"rendered":"http:\/\/www.revistarescatados.com.ar\/web\/?p=14102"},"modified":"2021-05-31T15:43:55","modified_gmt":"2021-05-31T18:43:55","slug":"sosa-comunico-la-aprobacion-del-50-de-obras-menores-para-gastos-corrientes-de-municipios-y-comunas","status":"publish","type":"post","link":"https:\/\/www.revistarescatados.com.ar\/web\/2021\/05\/31\/sosa-comunico-la-aprobacion-del-50-de-obras-menores-para-gastos-corrientes-de-municipios-y-comunas\/","title":{"rendered":"Sosa comunic\u00f3 la aprobaci\u00f3n del 50% de obras menores para gastos corrientes de municipios y comunas"},"content":{"rendered":"\n<p><\/p>\n\n\n\n<p><strong><span class=\"has-inline-color has-vivid-red-color\">&#8220;En la \u00faltima sesi\u00f3n de la C\u00e1mara de Senadores, aprobamos el proyecto que le permite a los municipios y comunas de la provincia de Santa Fe, destinar el 50% de Obras Menores correspondientes al a\u00f1o 2021, para gastos corrientes&#8221;, destac\u00f3 el senador Osvaldo Sosa.<\/span><\/strong><\/p>\n\n\n\n<figure class=\"wp-block-image size-large\"><img loading=\"lazy\" width=\"940\" height=\"788\" src=\"http:\/\/www.revistarescatados.com.ar\/web\/wp-content\/uploads\/2021\/05\/OBRAS-MENORES.png\" alt=\"\" class=\"wp-image-14103\" srcset=\"https:\/\/www.revistarescatados.com.ar\/web\/wp-content\/uploads\/2021\/05\/OBRAS-MENORES.png 940w, https:\/\/www.revistarescatados.com.ar\/web\/wp-content\/uploads\/2021\/05\/OBRAS-MENORES-300x251.png 300w, https:\/\/www.revistarescatados.com.ar\/web\/wp-content\/uploads\/2021\/05\/OBRAS-MENORES-768x644.png 768w\" sizes=\"(max-width: 940px) 100vw, 940px\" \/><\/figure>\n\n\n\n<p>&#8220;Este proyecto, tiene como finalidad que los municipios y comunas de la provincia y en especial los del departamento Vera, puedan contar con recursos frescos para enfrentar o paliar las consecuencias que origina la pandemia, teniendo como prioridad la salud de la poblaci\u00f3n, m\u00e1s su situaci\u00f3n econ\u00f3mica y social&#8221;, valor\u00f3 el legislador.<\/p>\n","protected":false},"excerpt":{"rendered":"<p>&#8220;En la \u00faltima sesi\u00f3n de la C\u00e1mara de Senadores, aprobamos el proyecto que le permite a los municipios y comunas de la provincia de Santa Fe, destinar el 50% de Obras Menores&#46;&#46;&#46;<\/p>\n","protected":false},"author":1,"featured_media":14103,"comment_status":"closed","ping_status":"closed","sticky":false,"template":"","format":"standard","meta":[],"categories":[3,16,10,13],"tags":[],"_links":{"self":[{"href":"https:\/\/www.revistarescatados.com.ar\/web\/wp-json\/wp\/v2\/posts\/14102"}],"collection":[{"href":"https:\/\/www.revistarescatados.com.ar\/web\/wp-json\/wp\/v2\/posts"}],"about":[{"href":"https:\/\/www.revistarescatados.com.ar\/web\/wp-json\/wp\/v2\/types\/post"}],"author":[{"embeddable":true,"href":"https:\/\/www.revistarescatados.com.ar\/web\/wp-json\/wp\/v2\/users\/1"}],"replies":[{"embeddable":true,"href":"https:\/\/www.revistarescatados.com.ar\/web\/wp-json\/wp\/v2\/comments?post=14102"}],"version-history":[{"count":1,"href":"https:\/\/www.revistarescatados.com.ar\/web\/wp-json\/wp\/v2\/posts\/14102\/revisions"}],"predecessor-version":[{"id":14104,"href":"https:\/\/www.revistarescatados.com.ar\/web\/wp-json\/wp\/v2\/posts\/14102\/revisions\/14104"}],"wp:featuredmedia":[{"embeddable":true,"href":"https:\/\/www.revistarescatados.com.ar\/web\/wp-json\/wp\/v2\/media\/14103"}],"wp:attachment":[{"href":"https:\/\/www.revistarescatados.com.ar\/web\/wp-json\/wp\/v2\/media?parent=14102"}],"wp:term":[{"taxonomy":"category","embeddable":true,"href":"https:\/\/www.revistarescatados.com.ar\/web\/wp-json\/wp\/v2\/categories?post=14102"},{"taxonomy":"post_tag","embeddable":true,"href":"https:\/\/www.revistarescatados.com.ar\/web\/wp-json\/wp\/v2\/tags?post=14102"}],"curies":[{"name":"wp","href":"https:\/\/api.w.org\/{rel}","templated":true}]}}