{"id":14287,"date":"2021-06-16T15:05:34","date_gmt":"2021-06-16T18:05:34","guid":{"rendered":"http:\/\/www.revistarescatados.com.ar\/web\/?p=14287"},"modified":"2021-06-16T15:05:40","modified_gmt":"2021-06-16T18:05:40","slug":"cronograma-de-pago-de-las-pensiones-sociales","status":"publish","type":"post","link":"https:\/\/www.revistarescatados.com.ar\/web\/2021\/06\/16\/cronograma-de-pago-de-las-pensiones-sociales\/","title":{"rendered":"Cronograma de pago de las pensiones sociales"},"content":{"rendered":"\n<p><\/p>\n\n\n\n<p>Se abonar\u00e1n el martes 29 de junio.<\/p>\n\n\n\n<p>El Ministerio de Econom\u00eda de la provincia dio a conocer la fecha de pagos de las pensiones sociales, Ley 5110, expresos por razones pol\u00edticas (Ley N\u00b0 13.298), madres de v\u00edctimas del terrorismo de Estado (Ley 13.330), y excombatientes de Malvinas, correspondientes al mes de junio.<br>Los mismos se efectuar\u00e1n el martes 29 de junio de 2021.<\/p>\n","protected":false},"excerpt":{"rendered":"<p>Se abonar\u00e1n el martes 29 de junio. El Ministerio de Econom\u00eda de la provincia dio a conocer la fecha de pagos de las pensiones sociales, Ley 5110, expresos por razones pol\u00edticas (Ley&#46;&#46;&#46;<\/p>\n","protected":false},"author":1,"featured_media":7897,"comment_status":"closed","ping_status":"closed","sticky":false,"template":"","format":"standard","meta":[],"categories":[16,12,8],"tags":[],"_links":{"self":[{"href":"https:\/\/www.revistarescatados.com.ar\/web\/wp-json\/wp\/v2\/posts\/14287"}],"collection":[{"href":"https:\/\/www.revistarescatados.com.ar\/web\/wp-json\/wp\/v2\/posts"}],"about":[{"href":"https:\/\/www.revistarescatados.com.ar\/web\/wp-json\/wp\/v2\/types\/post"}],"author":[{"embeddable":true,"href":"https:\/\/www.revistarescatados.com.ar\/web\/wp-json\/wp\/v2\/users\/1"}],"replies":[{"embeddable":true,"href":"https:\/\/www.revistarescatados.com.ar\/web\/wp-json\/wp\/v2\/comments?post=14287"}],"version-history":[{"count":1,"href":"https:\/\/www.revistarescatados.com.ar\/web\/wp-json\/wp\/v2\/posts\/14287\/revisions"}],"predecessor-version":[{"id":14288,"href":"https:\/\/www.revistarescatados.com.ar\/web\/wp-json\/wp\/v2\/posts\/14287\/revisions\/14288"}],"wp:featuredmedia":[{"embeddable":true,"href":"https:\/\/www.revistarescatados.com.ar\/web\/wp-json\/wp\/v2\/media\/7897"}],"wp:attachment":[{"href":"https:\/\/www.revistarescatados.com.ar\/web\/wp-json\/wp\/v2\/media?parent=14287"}],"wp:term":[{"taxonomy":"category","embeddable":true,"href":"https:\/\/www.revistarescatados.com.ar\/web\/wp-json\/wp\/v2\/categories?post=14287"},{"taxonomy":"post_tag","embeddable":true,"href":"https:\/\/www.revistarescatados.com.ar\/web\/wp-json\/wp\/v2\/tags?post=14287"}],"curies":[{"name":"wp","href":"https:\/\/api.w.org\/{rel}","templated":true}]}}