{"id":14324,"date":"2021-06-18T22:29:27","date_gmt":"2021-06-19T01:29:27","guid":{"rendered":"http:\/\/www.revistarescatados.com.ar\/web\/?p=14324"},"modified":"2021-06-18T22:29:32","modified_gmt":"2021-06-19T01:29:32","slug":"sosa-y-frana-ultiman-detalles-para-la-obra-del-canal-boqueron","status":"publish","type":"post","link":"https:\/\/www.revistarescatados.com.ar\/web\/2021\/06\/18\/sosa-y-frana-ultiman-detalles-para-la-obra-del-canal-boqueron\/","title":{"rendered":"Sosa y Frana ultiman detalles para la obra del Canal &#8220;Boquer\u00f3n&#8221;"},"content":{"rendered":"\n<p><strong><span class=\"has-inline-color has-vivid-red-color\">El senador Osvaldo Sosa particip\u00f3 junto a la ministra de infraestructura, Silvina Frana y su equipo t\u00e9cnico, de una reuni\u00f3n informativa para los productores y actores institucionales de la zona de Intiyaco, en la que se puso en conocimiento a los integrantes de la mesa de trabajo de los pr\u00f3ximos pasos en la obra del \u201cCanal Boquer\u00f3n\u201d.<\/span><\/strong><\/p>\n\n\n\n<figure class=\"wp-block-image size-large\"><img loading=\"lazy\" width=\"1024\" height=\"392\" src=\"http:\/\/www.revistarescatados.com.ar\/web\/wp-content\/uploads\/2021\/06\/frana-3-1024x392.png\" alt=\"\" class=\"wp-image-14325\" srcset=\"https:\/\/www.revistarescatados.com.ar\/web\/wp-content\/uploads\/2021\/06\/frana-3-1024x392.png 1024w, https:\/\/www.revistarescatados.com.ar\/web\/wp-content\/uploads\/2021\/06\/frana-3-300x115.png 300w, https:\/\/www.revistarescatados.com.ar\/web\/wp-content\/uploads\/2021\/06\/frana-3-768x294.png 768w, https:\/\/www.revistarescatados.com.ar\/web\/wp-content\/uploads\/2021\/06\/frana-3-1536x588.png 1536w, https:\/\/www.revistarescatados.com.ar\/web\/wp-content\/uploads\/2021\/06\/frana-3.png 1920w\" sizes=\"(max-width: 1024px) 100vw, 1024px\" \/><\/figure>\n\n\n\n<p>Con respecto al plazo de ejecuci\u00f3n podemos concluir, que despu\u00e9s de llegar a un acuerdo con el propietario del campo y de realizar todos los estudios previos que permita a los productores de la zona, un manejo de agua m\u00e1s efectivo, m\u00e1s el proceso administrativo que cada proyecto de esta magnitud requiere, en principio, en el corto plazo se estar\u00eda comenzando la obra, teniendo en cuenta, adem\u00e1s, de nuevas sugerencias que surgieron de la reuni\u00f3n.<\/p>\n\n\n\n<p>Si bien es prematuro especificar fecha de finalizaci\u00f3n de la obra como consecuencia de la cuesti\u00f3n sanitaria, podr\u00edamos establecer como par\u00e1metro que para fin de a\u00f1o podr\u00eda estar funcionando.<\/p>\n\n\n\n<p>Con motivos de acelerar los tiempos burocr\u00e1ticos que se desarrollan en los procesos licitatorios y teniendo en cuenta la celeridad que requiere el proyecto, se est\u00e1 analizando la posibilidad de realizar un convenio con alguna localidad cercana para ejecutar la obra lo antes posible.<\/p>\n\n\n\n<p>Con la buena voluntad de todos, con la decisi\u00f3n pol\u00edtica del Gobernador Omar Perotti y de la ministra Silvina Frana para concretar los proyectos que se necesitan, pudimos no solo comenzar a solucionar un conflicto, sino tambi\u00e9n a implementar una obra en beneficio de todos los productores.<\/p>\n","protected":false},"excerpt":{"rendered":"<p>El senador Osvaldo Sosa particip\u00f3 junto a la ministra de infraestructura, Silvina Frana y su equipo t\u00e9cnico, de una reuni\u00f3n informativa para los productores y actores institucionales de la zona de Intiyaco,&#46;&#46;&#46;<\/p>\n","protected":false},"author":1,"featured_media":14325,"comment_status":"closed","ping_status":"closed","sticky":false,"template":"","format":"standard","meta":[],"categories":[3,16,10,13],"tags":[],"_links":{"self":[{"href":"https:\/\/www.revistarescatados.com.ar\/web\/wp-json\/wp\/v2\/posts\/14324"}],"collection":[{"href":"https:\/\/www.revistarescatados.com.ar\/web\/wp-json\/wp\/v2\/posts"}],"about":[{"href":"https:\/\/www.revistarescatados.com.ar\/web\/wp-json\/wp\/v2\/types\/post"}],"author":[{"embeddable":true,"href":"https:\/\/www.revistarescatados.com.ar\/web\/wp-json\/wp\/v2\/users\/1"}],"replies":[{"embeddable":true,"href":"https:\/\/www.revistarescatados.com.ar\/web\/wp-json\/wp\/v2\/comments?post=14324"}],"version-history":[{"count":1,"href":"https:\/\/www.revistarescatados.com.ar\/web\/wp-json\/wp\/v2\/posts\/14324\/revisions"}],"predecessor-version":[{"id":14326,"href":"https:\/\/www.revistarescatados.com.ar\/web\/wp-json\/wp\/v2\/posts\/14324\/revisions\/14326"}],"wp:featuredmedia":[{"embeddable":true,"href":"https:\/\/www.revistarescatados.com.ar\/web\/wp-json\/wp\/v2\/media\/14325"}],"wp:attachment":[{"href":"https:\/\/www.revistarescatados.com.ar\/web\/wp-json\/wp\/v2\/media?parent=14324"}],"wp:term":[{"taxonomy":"category","embeddable":true,"href":"https:\/\/www.revistarescatados.com.ar\/web\/wp-json\/wp\/v2\/categories?post=14324"},{"taxonomy":"post_tag","embeddable":true,"href":"https:\/\/www.revistarescatados.com.ar\/web\/wp-json\/wp\/v2\/tags?post=14324"}],"curies":[{"name":"wp","href":"https:\/\/api.w.org\/{rel}","templated":true}]}}